{"id":1818,"date":"2014-02-21T15:14:50","date_gmt":"2014-02-21T14:14:50","guid":{"rendered":"https:\/\/ambbudapest.esteri.it\/news\/dall_ambasciata\/2014\/02\/avviso-vendita-ulysse-2\/"},"modified":"2014-02-21T15:14:50","modified_gmt":"2014-02-21T14:14:50","slug":"avviso-vendita-ulysse-2","status":"publish","type":"post","link":"https:\/\/ambbudapest.esteri.it\/hu\/news\/dall_ambasciata\/2014\/02\/avviso-vendita-ulysse-2\/","title":{"rendered":"F E L H \u00ed V \u00c1 S"},"content":{"rendered":"<p><P>Az Olasz Nagyk\u00f6vets\u00e9g hirdeti a tulajdon\u00e1t k\u00e9pez\u0151<STRONG> FIAT Ulysse 2,0 JTD 16V<\/STRONG> tipus\u00fa furgon elad\u00e1s\u00e1t. A g\u00e9pkocsi tulajdons\u00e1gai a k\u00f6vetkez\u0151k:<BR>Gy\u00e1rt\u00e1si \u00e9v: 2004<BR>Km:\u00a0\u00a0\u00a0 96.001<BR>Henger\u0171rtartalom:\u00a0 1997 cm3<BR>Ajt\u00f3k sz\u00e1ma. 4 + hats\u00f3 ajt\u00f3.<BR>\u00dcl\u00e9sek sz\u00e1ma: 7 <BR>Sz\u00edn: vil\u00e1gos met\u00e1l sz\u00fcrke <BR>Alap elad\u00e1si \u00e1r: 200.000 Ft<BR>A motor kiszerelve \u00e9s nem m\u0171k\u00f6dik menet k\u00f6zben t\u00f6rt\u00e9nt vez\u00e9rm\u0171 sz\u00edj szakad\u00e1s miatt.<BR>K\u00e9rj\u00fck, hogy az \u00e9rdekeltek a n\u00e9vvel, c\u00edmmel \u00e9s telefonsz\u00e1mmal ell\u00e1tott aj\u00e1nlatukat z\u00e1rt bor\u00edt\u00e9kban juttass\u00e1k el 2014.04.18-ig az al\u00e1bbi c\u00edmhez: <BR><BR><\/P><P align=\"center\">AMBASCIATA D\u2019ITALIA<BR>Ufficio Amministrativo<BR>1143 BUDAPEST \u2013 Stef\u00e1nia \u00fat 95.<BR><BR><\/P><br \/>\n<P>Az aj\u00e1nlatok nem visszavonhat\u00f3ak, a bor\u00edt\u00e9kon k\u00e9rj\u00fck felt\u00fcntetni olasz vagy magyar nyelven: \u201eaj\u00e1nlat g\u00e9pkocsi v\u00e1s\u00e1rl\u00e1sra\u201d<BR>Tov\u00e1bbi inform\u00e1ci\u00f3: : <A href=\"mailto:amministrativo.ambbudapest@esteri.it\">amministrativo.ambbudapest@esteri.it<\/A> vagy 00-36-1-460-6200<\/P><br \/>\n<P>Budapest, 2014-04-02<BR><\/P><br \/>\n<P><\/P><\/p>\n","protected":false},"excerpt":{"rendered":"Az Olasz Nagyk\u00f6vets\u00e9g hirdeti a tulajdon\u00e1t k\u00e9pez\u0151 FIAT Ulysse 2,0 JTD 16V tipus\u00fa furgon elad\u00e1s\u00e1t. A g\u00e9pkocsi tulajdons\u00e1gai a k\u00f6vetkez\u0151k:Gy\u00e1rt\u00e1si \u00e9v: 2004Km:\u00a0\u00a0\u00a0 96.001Henger\u0171rtartalom:\u00a0 1997 cm3Ajt\u00f3k sz\u00e1ma. 4 + hats\u00f3 ajt\u00f3.\u00dcl\u00e9sek sz\u00e1ma: 7 Sz\u00edn: vil\u00e1gos met\u00e1l sz\u00fcrke Alap elad\u00e1si \u00e1r: 200.000 FtA motor kiszerelve \u00e9s nem m\u0171k\u00f6dik menet k\u00f6zben t\u00f6rt\u00e9nt vez\u00e9rm\u0171 sz\u00edj szakad\u00e1s miatt.K\u00e9rj\u00fck, hogy az [&hellip;]","protected":false},"author":1,"featured_media":0,"comment_status":"","ping_status":"","sticky":false,"template":"","format":"standard","meta":{"footnotes":""},"tags":[],"class_list":["post-1818","post","type-post","status-publish","format-standard","hentry"],"_links":{"self":[{"href":"https:\/\/ambbudapest.esteri.it\/hu\/wp-json\/wp\/v2\/posts\/1818","targetHints":{"allow":["GET"]}}],"collection":[{"href":"https:\/\/ambbudapest.esteri.it\/hu\/wp-json\/wp\/v2\/posts"}],"about":[{"href":"https:\/\/ambbudapest.esteri.it\/hu\/wp-json\/wp\/v2\/types\/post"}],"author":[{"embeddable":true,"href":"https:\/\/ambbudapest.esteri.it\/hu\/wp-json\/wp\/v2\/users\/1"}],"replies":[{"embeddable":true,"href":"https:\/\/ambbudapest.esteri.it\/hu\/wp-json\/wp\/v2\/comments?post=1818"}],"version-history":[{"count":0,"href":"https:\/\/ambbudapest.esteri.it\/hu\/wp-json\/wp\/v2\/posts\/1818\/revisions"}],"wp:attachment":[{"href":"https:\/\/ambbudapest.esteri.it\/hu\/wp-json\/wp\/v2\/media?parent=1818"}],"wp:term":[{"taxonomy":"post_tag","embeddable":true,"href":"https:\/\/ambbudapest.esteri.it\/hu\/wp-json\/wp\/v2\/tags?post=1818"}],"curies":[{"name":"wp","href":"https:\/\/api.w.org\/{rel}","templated":true}]}}