{"id":1812,"date":"2014-04-03T13:07:34","date_gmt":"2014-04-03T11:07:34","guid":{"rendered":"https:\/\/ambbudapest.esteri.it\/news\/dall_ambasciata\/2014\/04\/preiscrizioni-studenti-stranieri-non-eu-2\/"},"modified":"2014-04-03T13:07:34","modified_gmt":"2014-04-03T11:07:34","slug":"preiscrizioni-studenti-stranieri-non-eu-2","status":"publish","type":"post","link":"https:\/\/ambbudapest.esteri.it\/hu\/news\/dall_ambasciata\/2014\/04\/preiscrizioni-studenti-stranieri-non-eu-2\/","title":{"rendered":"EUR\u00d3PAI UNI\u00d3N K\u00cdV\u00dcLI \u00c1LLAMPORLG\u00c1ROK EGYETEMI EL\u0150BEIRATKOZ\u00c1SA"},"content":{"rendered":"<p><P>T\u00e1j\u00e9koztatjuk az \u00e9rdekl\u0151d\u00f6ket, hogy a <A href=\"http:\/\/www.studiare-in-italia.it\/studentistranieri\/\">www.studiare-in-italia.it\/studentistranieri\/<\/A>\u00a0 honlapon el\u00e9rhet\u0151ek <STRONG>&#8222;A k\u00fclf\u00f6dli \u00e1llampolg\u00e1rok 2014-2015-\u00f6s tan\u00e9v egyetemi kurzusaira val\u00f3 beiratkoz\u00e1s\u00e1ra vonatkoz\u00f3 szab\u00e1lyok&#8221;<\/STRONG>.\u00a0 A Magyarorsz\u00e1gon \u00e9l\u0151, nem eur\u00f3pai uni\u00f3s tag\u00e1llam \u00e1llampolg\u00e1rai a budapesti Olasz Nagyk\u00f6vets\u00e9g konzuli oszt\u00e1ly\u00e1n adhatj\u00e1k be k\u00e9t eredeti, az el\u0151\u00edrt dokument\u00e1ci\u00f3val ell\u00e1tott el\u0151beiratkoz\u00e1si k\u00e9relm\u00fcket (amely let\u00f6lthet\u0151 a <A href=\"http:\/\/www.studiare-in-italia.it\/studentistranieri\/moduli\/Modello_A.pdf\">Modello &#8222;A&#8221;<\/A> \/ <A href=\"http:\/\/www.studiare-in-italia.it\/studentistranieri\/moduli\/Form_A.pdf\">Form &#8222;A&#8221;<\/A> &#8211; angol nyelv\u0171 v\u00e1ltozat).<BR>A k\u00e9relmek bead\u00e1si hat\u00e1rideje 2014. j\u00fanius 30.<\/P><\/p>\n","protected":false},"excerpt":{"rendered":"T\u00e1j\u00e9koztatjuk az \u00e9rdekl\u0151d\u00f6ket, hogy a www.studiare-in-italia.it\/studentistranieri\/\u00a0 honlapon el\u00e9rhet\u0151ek &#8222;A k\u00fclf\u00f6dli \u00e1llampolg\u00e1rok 2014-2015-\u00f6s tan\u00e9v egyetemi kurzusaira val\u00f3 beiratkoz\u00e1s\u00e1ra vonatkoz\u00f3 szab\u00e1lyok&#8221;.\u00a0 A Magyarorsz\u00e1gon \u00e9l\u0151, nem eur\u00f3pai uni\u00f3s tag\u00e1llam \u00e1llampolg\u00e1rai a budapesti Olasz Nagyk\u00f6vets\u00e9g konzuli oszt\u00e1ly\u00e1n adhatj\u00e1k be k\u00e9t eredeti, az el\u0151\u00edrt dokument\u00e1ci\u00f3val ell\u00e1tott el\u0151beiratkoz\u00e1si k\u00e9relm\u00fcket (amely let\u00f6lthet\u0151 a Modello &#8222;A&#8221; \/ Form &#8222;A&#8221; &#8211; angol nyelv\u0171 v\u00e1ltozat).A [&hellip;]","protected":false},"author":1,"featured_media":0,"comment_status":"","ping_status":"","sticky":false,"template":"","format":"standard","meta":{"footnotes":""},"tags":[],"class_list":["post-1812","post","type-post","status-publish","format-standard","hentry"],"_links":{"self":[{"href":"https:\/\/ambbudapest.esteri.it\/hu\/wp-json\/wp\/v2\/posts\/1812","targetHints":{"allow":["GET"]}}],"collection":[{"href":"https:\/\/ambbudapest.esteri.it\/hu\/wp-json\/wp\/v2\/posts"}],"about":[{"href":"https:\/\/ambbudapest.esteri.it\/hu\/wp-json\/wp\/v2\/types\/post"}],"author":[{"embeddable":true,"href":"https:\/\/ambbudapest.esteri.it\/hu\/wp-json\/wp\/v2\/users\/1"}],"replies":[{"embeddable":true,"href":"https:\/\/ambbudapest.esteri.it\/hu\/wp-json\/wp\/v2\/comments?post=1812"}],"version-history":[{"count":0,"href":"https:\/\/ambbudapest.esteri.it\/hu\/wp-json\/wp\/v2\/posts\/1812\/revisions"}],"wp:attachment":[{"href":"https:\/\/ambbudapest.esteri.it\/hu\/wp-json\/wp\/v2\/media?parent=1812"}],"wp:term":[{"taxonomy":"post_tag","embeddable":true,"href":"https:\/\/ambbudapest.esteri.it\/hu\/wp-json\/wp\/v2\/tags?post=1812"}],"curies":[{"name":"wp","href":"https:\/\/api.w.org\/{rel}","templated":true}]}}