{"id":1743,"date":"2014-11-28T10:52:09","date_gmt":"2014-11-28T09:52:09","guid":{"rendered":"https:\/\/ambbudapest.esteri.it\/news\/dall_ambasciata\/2014\/11\/diplomatic-fair-2014-domenica-30-novembre-2\/"},"modified":"2014-11-28T10:52:09","modified_gmt":"2014-11-28T09:52:09","slug":"diplomatic-fair-2014-domenica-30-novembre-2","status":"publish","type":"post","link":"https:\/\/ambbudapest.esteri.it\/hu\/news\/dall_ambasciata\/2014\/11\/diplomatic-fair-2014-domenica-30-novembre-2\/","title":{"rendered":"DIPLOMATIC FAIR\u00a0 2014 \u2013NOVEMBER 30, VAS\u00c1RNAP"},"content":{"rendered":"<p><SPAN lang=\"HU\" style=\"mso-ascii-font-family: Calibri; mso-ascii-theme-font: minor-latin; mso-hansi-font-family: Calibri; mso-hansi-theme-font: minor-latin; mso-bidi-font-family: Arial; mso-ansi-language: HU\"><FONT face=\"Calibri\"><FONT color=\"#000000\" size=\"3\"><P class=\"MsoNormal\" style=\"TEXT-ALIGN: justify; MARGIN: 0cm 0cm 0pt\"><SPAN lang=\"HU\" style=\"mso-ascii-font-family: Calibri; mso-ascii-theme-font: minor-latin; mso-hansi-font-family: Calibri; mso-hansi-theme-font: minor-latin; mso-bidi-font-family: Arial; mso-ansi-language: HU\">A diplomata h\u00e1zast\u00e1rsak budapesti egyes\u00fclete (Diplomatic Spouses Budapest) id\u00e9n is megrendezi a Diplomata V\u00e1s\u00e1rt (Diplomatic Fair). A j\u00f3t\u00e9konys\u00e1gi rendezv\u00e9nyre november 30-\u00e1n <STRONG>d\u00e9lel\u0151tt 10 \u00f3r\u00e1t\u00f3l d\u00e9lut\u00e1n 16 \u00f3r\u00e1ig<\/STRONG> ker\u00fcl sor a <STRONG>Hotel Intercontinental<\/STRONG> sz\u00e1llod\u00e1ban (<\/SPAN><SPAN lang=\"HU\" style=\"COLOR: black; mso-ascii-font-family: Calibri; mso-ascii-theme-font: minor-latin; mso-hansi-font-family: Calibri; mso-hansi-theme-font: minor-latin; mso-ansi-language: HU; mso-bidi-font-weight: bold; mso-themecolor: text1\">1052 Budapest, Ap\u00e1czai Csere J\u00e1nos utca 12-14m 1. emelet). <SPAN style=\"mso-spacerun: yes\">\u00a0<\/SPAN>A bel\u00e9p\u00e9si d\u00edj 500 Ft.<?xml:namespace prefix = \"o\" ns = \"urn:schemas-microsoft-com:office:office\" \/><o:p><\/o:p><\/SPAN><\/P><br \/>\n<P class=\"MsoNormal\" style=\"TEXT-ALIGN: justify; MARGIN: 0cm 0cm 0pt\"><SPAN lang=\"HU\" style=\"COLOR: black; mso-ascii-font-family: Calibri; mso-ascii-theme-font: minor-latin; mso-hansi-font-family: Calibri; mso-hansi-theme-font: minor-latin; mso-ansi-language: HU; mso-bidi-font-weight: bold; mso-themecolor: text1\">A v\u00e1s\u00e1r bev\u00e9tel\u00e9vel 3 magyar szervezetet t\u00e1mogatnak:<o:p><\/o:p><\/SPAN><\/P><br \/>\n<P class=\"MsoListParagraphCxSpFirst\" style=\"TEXT-ALIGN: justify; MARGIN: 0cm 0cm 0pt 36pt; TEXT-INDENT: -18pt; mso-list: l0 level1 lfo1\"><SPAN lang=\"HU\" style=\"COLOR: black; mso-bidi-font-family: Calibri; mso-ansi-language: HU; mso-themecolor: text1; mso-fareast-font-family: Calibri\"><SPAN style=\"mso-list: Ignore\">&#8211;<SPAN style='FONT: 7pt \"Times New Roman\"'>\u00a0\u00a0\u00a0\u00a0\u00a0\u00a0\u00a0\u00a0\u00a0 <\/SPAN><\/SPAN><\/SPAN><SPAN lang=\"HU\" style=\"mso-ascii-font-family: Calibri; mso-ascii-theme-font: minor-latin; mso-hansi-font-family: Calibri; mso-hansi-theme-font: minor-latin; mso-bidi-font-family: Arial; mso-ansi-language: HU\">a SOFI gy\u00f3gypedag\u00f3giai int\u00e9zm\u00e9nyt,<o:p><\/o:p><\/SPAN><\/P><br \/>\n<P class=\"MsoListParagraphCxSpMiddle\" style=\"TEXT-ALIGN: justify; MARGIN: 0cm 0cm 0pt 36pt; TEXT-INDENT: -18pt; mso-list: l0 level1 lfo1\"><SPAN lang=\"HU\" style=\"COLOR: black; mso-bidi-font-family: Calibri; mso-ansi-language: HU; mso-themecolor: text1; mso-fareast-font-family: Calibri\"><SPAN style=\"mso-list: Ignore\">&#8211;<SPAN style='FONT: 7pt \"Times New Roman\"'>\u00a0\u00a0\u00a0\u00a0\u00a0\u00a0\u00a0\u00a0\u00a0 <\/SPAN><\/SPAN><\/SPAN><SPAN lang=\"HU\" style=\"mso-ascii-font-family: Calibri; mso-ascii-theme-font: minor-latin; mso-hansi-font-family: Calibri; mso-hansi-theme-font: minor-latin; mso-bidi-font-family: Arial; mso-ansi-language: HU\">az esztergomi roma fiatalok nevel\u00e9s\u00e9t \u00e9s oktat\u00e1s\u00e1t seg\u00edt\u0151 \u201eA Mi H\u00e1zunk\u201d k\u00f6z\u00f6ss\u00e9gi h\u00e1zat,<o:p><\/o:p><\/SPAN><\/P><br \/>\n<P class=\"MsoListParagraphCxSpLast\" style=\"TEXT-ALIGN: justify; MARGIN: 0cm 0cm 0pt 36pt; TEXT-INDENT: -18pt; mso-list: l0 level1 lfo1\"><SPAN lang=\"HU\" style=\"COLOR: black; mso-bidi-font-family: Calibri; mso-ansi-language: HU; mso-themecolor: text1; mso-fareast-font-family: Calibri\"><SPAN style=\"mso-list: Ignore\">&#8211;<SPAN style='FONT: 7pt \"Times New Roman\"'>\u00a0\u00a0\u00a0\u00a0\u00a0\u00a0\u00a0\u00a0\u00a0 <\/SPAN><\/SPAN><\/SPAN><SPAN lang=\"HU\" style=\"mso-ascii-font-family: Calibri; mso-ascii-theme-font: minor-latin; mso-hansi-font-family: Calibri; mso-hansi-theme-font: minor-latin; mso-bidi-font-family: Arial; mso-ansi-language: HU; mso-bidi-font-weight: bold\">a Magyar Vakok \u00e9s Gyeng\u00e9nl\u00e1t\u00f3k Orsz\u00e1gos Sz\u00f6vets\u00e9ge vakvezet\u0151kutya-kik\u00e9pz\u0151 iskol\u00e1j\u00e1t.<\/SPAN><SPAN lang=\"HU\" style=\"mso-ascii-font-family: Calibri; mso-ascii-theme-font: minor-latin; mso-hansi-font-family: Calibri; mso-hansi-theme-font: minor-latin; mso-bidi-font-family: Arial; mso-ansi-language: HU\"><o:p><\/o:p><\/SPAN><\/P><br \/>\n<P class=\"MsoNormal\" style=\"TEXT-ALIGN: justify; MARGIN: 0cm 0cm 0pt\"><SPAN lang=\"HU\" style=\"mso-ascii-font-family: Calibri; mso-ascii-theme-font: minor-latin; mso-hansi-font-family: Calibri; mso-hansi-theme-font: minor-latin; mso-bidi-font-family: Arial; mso-ansi-language: HU\">Az idei v\u00e1s\u00e1ron k\u00f6r\u00fclbel\u00fcl 50 orsz\u00e1g vesz r\u00e9szt 45 nemzeti asztallal \u00e9s 29 b\u00fcf\u00e9asztallal. <o:p><\/o:p><\/SPAN><\/P><br \/>\n<P class=\"MsoNormal\" style=\"TEXT-ALIGN: justify; MARGIN: 0cm 0cm 0pt\"><SPAN lang=\"HU\" style=\"mso-ascii-font-family: Calibri; mso-ascii-theme-font: minor-latin; mso-hansi-font-family: Calibri; mso-hansi-theme-font: minor-latin; mso-bidi-font-family: Arial; mso-ansi-language: HU\">Az Olasz Nagyk\u00f6vets\u00e9g t\u00f6bb, Magyarorsz\u00e1gon m\u0171k\u00f6d\u0151 olasz v\u00e1llalkoz\u00f3 felaj\u00e1nl\u00e1s\u00e1nak k\u00f6sz\u00f6nhet\u0151en id\u00e9n is k\u00e9t standdal, egy b\u00fcf\u00e9asztallal \u00e9s egy <I style=\"mso-bidi-font-style: normal\">made in Italy<\/I> term\u00e9keket bemutat\u00f3 asztallal vesz r\u00e9szt.<o:p><\/o:p><\/SPAN><\/P><br \/>\n<P class=\"MsoNormal\" style=\"TEXT-ALIGN: justify; MARGIN: 0cm 0cm 0pt\"><SPAN lang=\"HU\" style='FONT-SIZE: 11pt; FONT-FAMILY: \"Calibri\",\"sans-serif\"; mso-ascii-theme-font: minor-latin; mso-hansi-theme-font: minor-latin; mso-bidi-font-family: Arial; mso-ansi-language: HU; mso-fareast-font-family: Calibri; mso-fareast-theme-font: minor-latin; mso-fareast-language: IT; mso-bidi-language: AR-SA'>A nap folyam\u00e1n t\u00f6bb orsz\u00e1g m\u0171v\u00e9szeti produkci\u00f3j\u00e1ra is sor ker\u00fcl. <STRONG>11.30 \u00f3rakor az olasz harm\u00f3nikam\u0171v\u00e9sz, Federico Conte<\/STRONG> el\u0151ad\u00e1s\u00e1n vehet\u00fcnk r\u00e9szt.<\/SPAN><\/FONT><\/FONT><\/SPAN><\/P><\/p>\n","protected":false},"excerpt":{"rendered":"A diplomata h\u00e1zast\u00e1rsak budapesti egyes\u00fclete (Diplomatic Spouses Budapest) id\u00e9n is megrendezi a Diplomata V\u00e1s\u00e1rt (Diplomatic Fair). A j\u00f3t\u00e9konys\u00e1gi rendezv\u00e9nyre november 30-\u00e1n d\u00e9lel\u0151tt 10 \u00f3r\u00e1t\u00f3l d\u00e9lut\u00e1n 16 \u00f3r\u00e1ig ker\u00fcl sor a Hotel Intercontinental sz\u00e1llod\u00e1ban (1052 Budapest, Ap\u00e1czai Csere J\u00e1nos utca 12-14m 1. emelet). \u00a0A bel\u00e9p\u00e9si d\u00edj 500 Ft. A v\u00e1s\u00e1r bev\u00e9tel\u00e9vel 3 magyar szervezetet t\u00e1mogatnak: &#8211;\u00a0\u00a0\u00a0\u00a0\u00a0\u00a0\u00a0\u00a0\u00a0 [&hellip;]","protected":false},"author":1,"featured_media":0,"comment_status":"","ping_status":"","sticky":false,"template":"","format":"standard","meta":{"footnotes":""},"tags":[],"class_list":["post-1743","post","type-post","status-publish","format-standard","hentry"],"_links":{"self":[{"href":"https:\/\/ambbudapest.esteri.it\/hu\/wp-json\/wp\/v2\/posts\/1743","targetHints":{"allow":["GET"]}}],"collection":[{"href":"https:\/\/ambbudapest.esteri.it\/hu\/wp-json\/wp\/v2\/posts"}],"about":[{"href":"https:\/\/ambbudapest.esteri.it\/hu\/wp-json\/wp\/v2\/types\/post"}],"author":[{"embeddable":true,"href":"https:\/\/ambbudapest.esteri.it\/hu\/wp-json\/wp\/v2\/users\/1"}],"replies":[{"embeddable":true,"href":"https:\/\/ambbudapest.esteri.it\/hu\/wp-json\/wp\/v2\/comments?post=1743"}],"version-history":[{"count":0,"href":"https:\/\/ambbudapest.esteri.it\/hu\/wp-json\/wp\/v2\/posts\/1743\/revisions"}],"wp:attachment":[{"href":"https:\/\/ambbudapest.esteri.it\/hu\/wp-json\/wp\/v2\/media?parent=1743"}],"wp:term":[{"taxonomy":"post_tag","embeddable":true,"href":"https:\/\/ambbudapest.esteri.it\/hu\/wp-json\/wp\/v2\/tags?post=1743"}],"curies":[{"name":"wp","href":"https:\/\/api.w.org\/{rel}","templated":true}]}}