{"id":1666,"date":"2016-08-23T09:34:47","date_gmt":"2016-08-23T07:34:47","guid":{"rendered":"https:\/\/ambbudapest.esteri.it\/news\/dall_ambasciata\/2016\/08\/bando-di-concorso-per-l-assunzione-2\/"},"modified":"2016-08-23T09:34:47","modified_gmt":"2016-08-23T07:34:47","slug":"bando-di-concorso-per-l-assunzione-2","status":"publish","type":"post","link":"https:\/\/ambbudapest.esteri.it\/hu\/news\/dall_ambasciata\/2016\/08\/bando-di-concorso-per-l-assunzione-2\/","title":{"rendered":"A Budapesti Olasz Nagyk\u00f6vets\u00e9g \u00e1ll\u00e1sp\u00e1ly\u00e1zata (p\u00e1ly\u00e1zat bead\u00e1si hat\u00e1rideje: 2016.09.22)"},"content":{"rendered":"<p>Az Olasz Nagyk\u00f6vets\u00e9g \u00e1ll\u00e1sp\u00e1ly\u00e1zatot hirdet ford\u00edt\u00e1s-tolm\u00e1csol\u00e1s oszt\u00e1lyon bet\u00f6ltend\u0151, szerz\u0151d\u00e9ses munkak\u00f6rre. Tov\u00e1bbi inform\u00e1ci\u00f3\u00e9rt sz\u00edveskedjenek az oldalon tal\u00e1lhat\u00f3 \u201eKapcsol\u00f3d\u00f3 anyagok\u201d alatti dokumentumokb\u00f3l t\u00e1j\u00e9koz\u00f3dni.<\/p>\n","protected":false},"excerpt":{"rendered":"Az Olasz Nagyk\u00f6vets\u00e9g \u00e1ll\u00e1sp\u00e1ly\u00e1zatot hirdet ford\u00edt\u00e1s-tolm\u00e1csol\u00e1s oszt\u00e1lyon bet\u00f6ltend\u0151, szerz\u0151d\u00e9ses munkak\u00f6rre. Tov\u00e1bbi inform\u00e1ci\u00f3\u00e9rt sz\u00edveskedjenek az oldalon tal\u00e1lhat\u00f3 \u201eKapcsol\u00f3d\u00f3 anyagok\u201d alatti dokumentumokb\u00f3l t\u00e1j\u00e9koz\u00f3dni.","protected":false},"author":1,"featured_media":0,"comment_status":"","ping_status":"","sticky":false,"template":"","format":"standard","meta":{"footnotes":""},"tags":[],"class_list":["post-1666","post","type-post","status-publish","format-standard","hentry"],"_links":{"self":[{"href":"https:\/\/ambbudapest.esteri.it\/hu\/wp-json\/wp\/v2\/posts\/1666","targetHints":{"allow":["GET"]}}],"collection":[{"href":"https:\/\/ambbudapest.esteri.it\/hu\/wp-json\/wp\/v2\/posts"}],"about":[{"href":"https:\/\/ambbudapest.esteri.it\/hu\/wp-json\/wp\/v2\/types\/post"}],"author":[{"embeddable":true,"href":"https:\/\/ambbudapest.esteri.it\/hu\/wp-json\/wp\/v2\/users\/1"}],"replies":[{"embeddable":true,"href":"https:\/\/ambbudapest.esteri.it\/hu\/wp-json\/wp\/v2\/comments?post=1666"}],"version-history":[{"count":0,"href":"https:\/\/ambbudapest.esteri.it\/hu\/wp-json\/wp\/v2\/posts\/1666\/revisions"}],"wp:attachment":[{"href":"https:\/\/ambbudapest.esteri.it\/hu\/wp-json\/wp\/v2\/media?parent=1666"}],"wp:term":[{"taxonomy":"post_tag","embeddable":true,"href":"https:\/\/ambbudapest.esteri.it\/hu\/wp-json\/wp\/v2\/tags?post=1666"}],"curies":[{"name":"wp","href":"https:\/\/api.w.org\/{rel}","templated":true}]}}