{"id":1654,"date":"2016-10-21T08:53:45","date_gmt":"2016-10-21T06:53:45","guid":{"rendered":"https:\/\/ambbudapest.esteri.it\/news\/dall_ambasciata\/2016\/10\/avviso-di-vendita-all-asta-dell-2\/"},"modified":"2016-10-21T08:53:45","modified_gmt":"2016-10-21T06:53:45","slug":"avviso-di-vendita-all-asta-dell-2","status":"publish","type":"post","link":"https:\/\/ambbudapest.esteri.it\/hu\/news\/dall_ambasciata\/2016\/10\/avviso-di-vendita-all-asta-dell-2\/","title":{"rendered":"FELH\u00cdV\u00c1S SZOLG\u00c1LATI G\u00c9PJ\u00c1RM\u0170 \u00c1RVER\u00c9SES \u00c9RT\u00c9KES\u00cdT\u00c9S\u00c9RE"},"content":{"rendered":"<p>A Budapesti Olasz Nagyk\u00f6vets\u00e9g megh\u00edrdeti \u00e1rver\u00e9sre a tulajdon\u00e1ban \u00e1ll\u00f3 szolg\u00e1lati g\u00e9pj\u00e1rm\u0171vet Toyota RAV4 (\u00c9v: 2004)<\/p>\n<p><a href=\"http:\/\/www.ambbudapest.esteri.it\/ambasciata_budapest\/resource\/doc\/2016\/10\/avviso_olaszul.pdf\">Hivatalos felh\u00edv\u00e1s olasz nyelven<\/a><\/p>\n<p><a href=\"http:\/\/www.ambbudapest.esteri.it\/ambasciata_budapest\/resource\/doc\/2016\/10\/avviso_magyarul.pdf\">Felh\u00edv\u00e1s magyar nyelven<\/a><\/p>\n<p><a href=\"http:\/\/www.ambbudapest.esteri.it\/ambasciata_budapest\/resource\/doc\/2016\/10\/offer_form.pdf\">\u00c1raj\u00e1nlati nyomtatv\u00e1ny<\/a><\/p>\n","protected":false},"excerpt":{"rendered":"A Budapesti Olasz Nagyk\u00f6vets\u00e9g megh\u00edrdeti \u00e1rver\u00e9sre a tulajdon\u00e1ban \u00e1ll\u00f3 szolg\u00e1lati g\u00e9pj\u00e1rm\u0171vet Toyota RAV4 (\u00c9v: 2004) Hivatalos felh\u00edv\u00e1s olasz nyelven Felh\u00edv\u00e1s magyar nyelven \u00c1raj\u00e1nlati nyomtatv\u00e1ny","protected":false},"author":1,"featured_media":0,"comment_status":"","ping_status":"","sticky":false,"template":"","format":"standard","meta":{"footnotes":""},"tags":[],"class_list":["post-1654","post","type-post","status-publish","format-standard","hentry"],"_links":{"self":[{"href":"https:\/\/ambbudapest.esteri.it\/hu\/wp-json\/wp\/v2\/posts\/1654","targetHints":{"allow":["GET"]}}],"collection":[{"href":"https:\/\/ambbudapest.esteri.it\/hu\/wp-json\/wp\/v2\/posts"}],"about":[{"href":"https:\/\/ambbudapest.esteri.it\/hu\/wp-json\/wp\/v2\/types\/post"}],"author":[{"embeddable":true,"href":"https:\/\/ambbudapest.esteri.it\/hu\/wp-json\/wp\/v2\/users\/1"}],"replies":[{"embeddable":true,"href":"https:\/\/ambbudapest.esteri.it\/hu\/wp-json\/wp\/v2\/comments?post=1654"}],"version-history":[{"count":0,"href":"https:\/\/ambbudapest.esteri.it\/hu\/wp-json\/wp\/v2\/posts\/1654\/revisions"}],"wp:attachment":[{"href":"https:\/\/ambbudapest.esteri.it\/hu\/wp-json\/wp\/v2\/media?parent=1654"}],"wp:term":[{"taxonomy":"post_tag","embeddable":true,"href":"https:\/\/ambbudapest.esteri.it\/hu\/wp-json\/wp\/v2\/tags?post=1654"}],"curies":[{"name":"wp","href":"https:\/\/api.w.org\/{rel}","templated":true}]}}