{"id":1649,"date":"2016-10-27T09:41:54","date_gmt":"2016-10-27T07:41:54","guid":{"rendered":"https:\/\/ambbudapest.esteri.it\/news\/dall_ambasciata\/2016\/10\/avviso-esplorativo-per-manifestazione-2\/"},"modified":"2016-10-27T09:41:54","modified_gmt":"2016-10-27T07:41:54","slug":"avviso-esplorativo-per-manifestazione-2","status":"publish","type":"post","link":"https:\/\/ambbudapest.esteri.it\/hu\/news\/dall_ambasciata\/2016\/10\/avviso-esplorativo-per-manifestazione-2\/","title":{"rendered":"FELH\u00cdV\u00c1S"},"content":{"rendered":"<p><a href=\"http:\/\/www.ambbudapest.esteri.it\/ambasciata_budapest\/resource\/doc\/2016\/10\/avviso_esperti_traduzione.pdf\">M\u0170SZAKI-SZAKMAI SZ\u00d6VEGEK (M\u00c9RN\u00d6KI, \u00c9P\u00cdT\u00c9SZETI SZ\u00d6VEGEK, TERVDOKUMENT\u00c1CI\u00d3K \u00c9S K\u00d6ZBESZERZ\u00c9SI ELJ\u00c1R\u00c1SOK M\u0170SZAKI \u00c9S ADMINISZTRAT\u00cdV DOKUMENT\u00c1CI\u00d3JA) OLASZR\u00d3L-MAGYARRA \u00c9S MAGYARR\u00d3L-OLASZRA T\u00d6RT\u00c9N\u0150 FORD\u00cdT\u00c1S\u00c1RA SZ\u00d3L\u00d3 SZERZ\u0150D\u00c9SK\u00d6T\u00c9SRE VONATKOZ\u00d3 SZ\u00c1ND\u00c9KNYILATKOZAT T\u00c9TELRE<\/a><\/p>\n","protected":false},"excerpt":{"rendered":"M\u0170SZAKI-SZAKMAI SZ\u00d6VEGEK (M\u00c9RN\u00d6KI, \u00c9P\u00cdT\u00c9SZETI SZ\u00d6VEGEK, TERVDOKUMENT\u00c1CI\u00d3K \u00c9S K\u00d6ZBESZERZ\u00c9SI ELJ\u00c1R\u00c1SOK M\u0170SZAKI \u00c9S ADMINISZTRAT\u00cdV DOKUMENT\u00c1CI\u00d3JA) OLASZR\u00d3L-MAGYARRA \u00c9S MAGYARR\u00d3L-OLASZRA T\u00d6RT\u00c9N\u0150 FORD\u00cdT\u00c1S\u00c1RA SZ\u00d3L\u00d3 SZERZ\u0150D\u00c9SK\u00d6T\u00c9SRE VONATKOZ\u00d3 SZ\u00c1ND\u00c9KNYILATKOZAT T\u00c9TELRE","protected":false},"author":1,"featured_media":0,"comment_status":"","ping_status":"","sticky":false,"template":"","format":"standard","meta":{"footnotes":""},"tags":[],"class_list":["post-1649","post","type-post","status-publish","format-standard","hentry"],"_links":{"self":[{"href":"https:\/\/ambbudapest.esteri.it\/hu\/wp-json\/wp\/v2\/posts\/1649","targetHints":{"allow":["GET"]}}],"collection":[{"href":"https:\/\/ambbudapest.esteri.it\/hu\/wp-json\/wp\/v2\/posts"}],"about":[{"href":"https:\/\/ambbudapest.esteri.it\/hu\/wp-json\/wp\/v2\/types\/post"}],"author":[{"embeddable":true,"href":"https:\/\/ambbudapest.esteri.it\/hu\/wp-json\/wp\/v2\/users\/1"}],"replies":[{"embeddable":true,"href":"https:\/\/ambbudapest.esteri.it\/hu\/wp-json\/wp\/v2\/comments?post=1649"}],"version-history":[{"count":0,"href":"https:\/\/ambbudapest.esteri.it\/hu\/wp-json\/wp\/v2\/posts\/1649\/revisions"}],"wp:attachment":[{"href":"https:\/\/ambbudapest.esteri.it\/hu\/wp-json\/wp\/v2\/media?parent=1649"}],"wp:term":[{"taxonomy":"post_tag","embeddable":true,"href":"https:\/\/ambbudapest.esteri.it\/hu\/wp-json\/wp\/v2\/tags?post=1649"}],"curies":[{"name":"wp","href":"https:\/\/api.w.org\/{rel}","templated":true}]}}