{"id":1637,"date":"2016-11-14T15:22:11","date_gmt":"2016-11-14T14:22:11","guid":{"rendered":"https:\/\/ambbudapest.esteri.it\/news\/dall_ambasciata\/2016\/11\/prima-settimana-della-cucina-italiana-2\/"},"modified":"2016-11-14T15:22:11","modified_gmt":"2016-11-14T14:22:11","slug":"prima-settimana-della-cucina-italiana-2","status":"publish","type":"post","link":"https:\/\/ambbudapest.esteri.it\/hu\/news\/dall_ambasciata\/2016\/11\/prima-settimana-della-cucina-italiana-2\/","title":{"rendered":"November 21-27 Els\u0151 Olasz Gasztron\u00f3miai Vil\u00e1gh\u00e9t"},"content":{"rendered":"<p><a href=\"http:\/\/www.ambbudapest.esteri.it\/ambasciata_budapest\/resource\/doc\/2016\/11\/settimana_della_cucinait_nel_mondo_web.pdf\"><\/a><\/p>\n<p><a href=\"http:\/\/www.ambbudapest.esteri.it\/ambasciata_budapest\/resource\/doc\/2016\/11\/settimana_della_cucinait_nel_mondo_web.pdf\">Az &#8222;Els\u0151 Olasz Gasztron\u00f3miai Vil\u00e1gh\u00e9t&#8221; keret\u00e9ben Magyarorsz\u00e1gon megval\u00f3sul\u00f3 programokat \u00e9s a kezdem\u00e9nyez\u00e9st bemut\u00f3 kiadv\u00e1ny let\u00f6lt\u00e9se<\/a><\/p>\n","protected":false},"excerpt":{"rendered":"Az &#8222;Els\u0151 Olasz Gasztron\u00f3miai Vil\u00e1gh\u00e9t&#8221; keret\u00e9ben Magyarorsz\u00e1gon megval\u00f3sul\u00f3 programokat \u00e9s a kezdem\u00e9nyez\u00e9st bemut\u00f3 kiadv\u00e1ny let\u00f6lt\u00e9se","protected":false},"author":1,"featured_media":0,"comment_status":"","ping_status":"","sticky":false,"template":"","format":"standard","meta":{"footnotes":""},"tags":[],"class_list":["post-1637","post","type-post","status-publish","format-standard","hentry"],"_links":{"self":[{"href":"https:\/\/ambbudapest.esteri.it\/hu\/wp-json\/wp\/v2\/posts\/1637","targetHints":{"allow":["GET"]}}],"collection":[{"href":"https:\/\/ambbudapest.esteri.it\/hu\/wp-json\/wp\/v2\/posts"}],"about":[{"href":"https:\/\/ambbudapest.esteri.it\/hu\/wp-json\/wp\/v2\/types\/post"}],"author":[{"embeddable":true,"href":"https:\/\/ambbudapest.esteri.it\/hu\/wp-json\/wp\/v2\/users\/1"}],"replies":[{"embeddable":true,"href":"https:\/\/ambbudapest.esteri.it\/hu\/wp-json\/wp\/v2\/comments?post=1637"}],"version-history":[{"count":0,"href":"https:\/\/ambbudapest.esteri.it\/hu\/wp-json\/wp\/v2\/posts\/1637\/revisions"}],"wp:attachment":[{"href":"https:\/\/ambbudapest.esteri.it\/hu\/wp-json\/wp\/v2\/media?parent=1637"}],"wp:term":[{"taxonomy":"post_tag","embeddable":true,"href":"https:\/\/ambbudapest.esteri.it\/hu\/wp-json\/wp\/v2\/tags?post=1637"}],"curies":[{"name":"wp","href":"https:\/\/api.w.org\/{rel}","templated":true}]}}