{"id":1619,"date":"2017-02-10T10:02:01","date_gmt":"2017-02-10T09:02:01","guid":{"rendered":"https:\/\/ambbudapest.esteri.it\/news\/dall_ambasciata\/2017\/02\/avviso-esplorativo-e-modulo-manifestazione-2\/"},"modified":"2017-02-10T10:02:01","modified_gmt":"2017-02-10T09:02:01","slug":"avviso-esplorativo-e-modulo-manifestazione-2","status":"publish","type":"post","link":"https:\/\/ambbudapest.esteri.it\/hu\/news\/dall_ambasciata\/2017\/02\/avviso-esplorativo-e-modulo-manifestazione-2\/","title":{"rendered":"Felh\u00edv\u00e1s \u00e9s nyomtatv\u00e1ny sz\u00e1nd\u00e9knyilatkozat t\u00e9telre"},"content":{"rendered":"<p><a href=\"http:\/\/www.ambbudapest.esteri.it\/ambasciata_budapest\/resource\/doc\/2017\/02\/avviso_manifestazione_interesse_pulizia_giardino_manutenz_hun.pdf\">FELH\u00cdV\u00c1S SZ\u00c1ND\u00c9KNYILATKOZAT T\u00c9TELRE A BUDAPESTI OLASZ NAGYK\u00d6VETS\u00c9G \u00c9P\u00dcLETEINEK TAKAR\u00cdT\u00c1S\u00c1RA, KERTFENNTART\u00c1S\u00c1RA \u00c9S KISEBB KARBANTART\u00c1SI MUNK\u00c1IRA SZ\u00d3L\u00d3 SZERZ\u0150D\u00c9SK\u00d6T\u00c9SRE VONATKOZ\u00d3AN<\/a><\/p>\n","protected":false},"excerpt":{"rendered":"FELH\u00cdV\u00c1S SZ\u00c1ND\u00c9KNYILATKOZAT T\u00c9TELRE A BUDAPESTI OLASZ NAGYK\u00d6VETS\u00c9G \u00c9P\u00dcLETEINEK TAKAR\u00cdT\u00c1S\u00c1RA, KERTFENNTART\u00c1S\u00c1RA \u00c9S KISEBB KARBANTART\u00c1SI MUNK\u00c1IRA SZ\u00d3L\u00d3 SZERZ\u0150D\u00c9SK\u00d6T\u00c9SRE VONATKOZ\u00d3AN","protected":false},"author":1,"featured_media":0,"comment_status":"","ping_status":"","sticky":false,"template":"","format":"standard","meta":{"footnotes":""},"tags":[],"class_list":["post-1619","post","type-post","status-publish","format-standard","hentry"],"_links":{"self":[{"href":"https:\/\/ambbudapest.esteri.it\/hu\/wp-json\/wp\/v2\/posts\/1619","targetHints":{"allow":["GET"]}}],"collection":[{"href":"https:\/\/ambbudapest.esteri.it\/hu\/wp-json\/wp\/v2\/posts"}],"about":[{"href":"https:\/\/ambbudapest.esteri.it\/hu\/wp-json\/wp\/v2\/types\/post"}],"author":[{"embeddable":true,"href":"https:\/\/ambbudapest.esteri.it\/hu\/wp-json\/wp\/v2\/users\/1"}],"replies":[{"embeddable":true,"href":"https:\/\/ambbudapest.esteri.it\/hu\/wp-json\/wp\/v2\/comments?post=1619"}],"version-history":[{"count":0,"href":"https:\/\/ambbudapest.esteri.it\/hu\/wp-json\/wp\/v2\/posts\/1619\/revisions"}],"wp:attachment":[{"href":"https:\/\/ambbudapest.esteri.it\/hu\/wp-json\/wp\/v2\/media?parent=1619"}],"wp:term":[{"taxonomy":"post_tag","embeddable":true,"href":"https:\/\/ambbudapest.esteri.it\/hu\/wp-json\/wp\/v2\/tags?post=1619"}],"curies":[{"name":"wp","href":"https:\/\/api.w.org\/{rel}","templated":true}]}}