{"id":1613,"date":"2017-02-10T12:40:55","date_gmt":"2017-02-10T11:40:55","guid":{"rendered":"https:\/\/ambbudapest.esteri.it\/news\/dall_ambasciata\/2017\/02\/contributi-per-viaggi-brevi-in-2\/"},"modified":"2017-02-10T12:40:55","modified_gmt":"2017-02-10T11:40:55","slug":"contributi-per-viaggi-brevi-in-2","status":"publish","type":"post","link":"https:\/\/ambbudapest.esteri.it\/hu\/news\/dall_ambasciata\/2017\/02\/contributi-per-viaggi-brevi-in-2\/","title":{"rendered":"P\u00c1LY\u00c1ZATI FELH\u00cdV\u00c1S"},"content":{"rendered":"<p><a href=\"http:\/\/www.ambbudapest.esteri.it\/ambasciata_budapest\/resource\/resource\/2017\/03\/plyzat_b5_2017.pdf\">\u00a0Az Olasz Nagyk\u00f6vets\u00e9g k\u00f6zz\u00e9teszi az olasz K\u00fcl\u00fcgyminiszt\u00e9rium p\u00e1ly\u00e1zati felh\u00edv\u00e1s\u00e1t. A magyar-olasz oktat\u00e1si \u00e9s tudom\u00e1nyos munkaterv jelenleg \u00e9rv\u00e9nyben l\u00e9v\u0151 1.1.2 pontja alapj\u00e1n 2017-ban is lehet\u0151s\u00e9g ny\u00edlik legfeljebb 8 magyar \u00e1llampolg\u00e1rs\u00e1ggal rendelkez\u0151 szakember (egyetemi oktat\u00f3, klinikai vagy kutat\u00f3int\u00e9zeti munkat\u00e1rs) legfeljebb 8 napos olaszorsz\u00e1gi tanulm\u00e1ny\u00fatj\u00e1ra.<\/a><\/p>\n<p><a href=\"http:\/\/www.ambbudapest.esteri.it\/ambasciata_budapest\/resource\/resource\/2017\/03\/plyzat_b5_2017.pdf\">A tanulm\u00e1ny\u00fat kiz\u00e1r\u00f3lag olasz \u00e1llami int\u00e9zm\u00e9nyben val\u00f3s\u00edthat\u00f3 meg, 2017. \u00e1prilis 15. \u00e9s okt\u00f3ber 30. k\u00f6z\u00f6tt.<\/a><\/p>\n<p><a href=\"http:\/\/www.ambbudapest.esteri.it\/ambasciata_budapest\/resource\/resource\/2017\/03\/plyzat_b5_2017.pdf\">Jelentkez\u00e9si hat\u00e1rid\u0151: 2017. m\u00e1rcius 1.<\/a><\/p>\n<p>\u00a0<\/p>\n","protected":false},"excerpt":{"rendered":"\u00a0Az Olasz Nagyk\u00f6vets\u00e9g k\u00f6zz\u00e9teszi az olasz K\u00fcl\u00fcgyminiszt\u00e9rium p\u00e1ly\u00e1zati felh\u00edv\u00e1s\u00e1t. A magyar-olasz oktat\u00e1si \u00e9s tudom\u00e1nyos munkaterv jelenleg \u00e9rv\u00e9nyben l\u00e9v\u0151 1.1.2 pontja alapj\u00e1n 2017-ban is lehet\u0151s\u00e9g ny\u00edlik legfeljebb 8 magyar \u00e1llampolg\u00e1rs\u00e1ggal rendelkez\u0151 szakember (egyetemi oktat\u00f3, klinikai vagy kutat\u00f3int\u00e9zeti munkat\u00e1rs) legfeljebb 8 napos olaszorsz\u00e1gi tanulm\u00e1ny\u00fatj\u00e1ra. A tanulm\u00e1ny\u00fat kiz\u00e1r\u00f3lag olasz \u00e1llami int\u00e9zm\u00e9nyben val\u00f3s\u00edthat\u00f3 meg, 2017. \u00e1prilis 15. \u00e9s okt\u00f3ber [&hellip;]","protected":false},"author":1,"featured_media":0,"comment_status":"","ping_status":"","sticky":false,"template":"","format":"standard","meta":{"footnotes":""},"tags":[],"class_list":["post-1613","post","type-post","status-publish","format-standard","hentry"],"_links":{"self":[{"href":"https:\/\/ambbudapest.esteri.it\/hu\/wp-json\/wp\/v2\/posts\/1613","targetHints":{"allow":["GET"]}}],"collection":[{"href":"https:\/\/ambbudapest.esteri.it\/hu\/wp-json\/wp\/v2\/posts"}],"about":[{"href":"https:\/\/ambbudapest.esteri.it\/hu\/wp-json\/wp\/v2\/types\/post"}],"author":[{"embeddable":true,"href":"https:\/\/ambbudapest.esteri.it\/hu\/wp-json\/wp\/v2\/users\/1"}],"replies":[{"embeddable":true,"href":"https:\/\/ambbudapest.esteri.it\/hu\/wp-json\/wp\/v2\/comments?post=1613"}],"version-history":[{"count":0,"href":"https:\/\/ambbudapest.esteri.it\/hu\/wp-json\/wp\/v2\/posts\/1613\/revisions"}],"wp:attachment":[{"href":"https:\/\/ambbudapest.esteri.it\/hu\/wp-json\/wp\/v2\/media?parent=1613"}],"wp:term":[{"taxonomy":"post_tag","embeddable":true,"href":"https:\/\/ambbudapest.esteri.it\/hu\/wp-json\/wp\/v2\/tags?post=1613"}],"curies":[{"name":"wp","href":"https:\/\/api.w.org\/{rel}","templated":true}]}}