{"id":1589,"date":"2017-03-27T09:59:22","date_gmt":"2017-03-27T07:59:22","guid":{"rendered":"https:\/\/ambbudapest.esteri.it\/news\/dall_ambasciata\/2017\/03\/borse-di-studio-offerte-dal-governo-2\/"},"modified":"2017-03-27T09:59:22","modified_gmt":"2017-03-27T07:59:22","slug":"borse-di-studio-offerte-dal-governo-2","status":"publish","type":"post","link":"https:\/\/ambbudapest.esteri.it\/hu\/news\/dall_ambasciata\/2017\/03\/borse-di-studio-offerte-dal-governo-2\/","title":{"rendered":"R\u00d6VID \u00d6SSZEFOGLAL\u00d3 T\u00c1J\u00c9KOZTAT\u00d3 AZ OLASZ KORM\u00c1NY \u00c1LTAL K\u00dcLF\u00d6LDI \u00c1LLAMPOLG\u00c1ROK \u00c9S K\u00dcLF\u00d6LD\u00d6N \u00c9L\u0150 OLASZ \u00c1LLAMPOLG\u00c1ROK R\u00c9SZ\u00c9RE MEGHIRDETETT \u00d6SZT\u00d6ND\u00cdJLEHET\u0150S\u00c9GEKR\u0150L"},"content":{"rendered":"<p>Az olasz K\u00fcl\u00fcgyi \u00e9s Nemzetk\u00f6zi Egy\u00fcttm\u0171k\u00f6d\u00e9si Miniszt\u00e9rium 2017. m\u00e1rcius 27-\u00e9n k\u00f6zz\u00e9tette a k\u00fclf\u00f6ldi di\u00e1kok, valamint a k\u00fclf\u00f6ld\u00f6n \u00e9l\u0151 olasz \u00e1llampolg\u00e1rok (IRE) r\u00e9sz\u00e9re a 2017-2018-as tan\u00e9vre meg\u00edt\u00e9lhet\u0151 \u00e1llami \u00f6szt\u00f6nd\u00edjak p\u00e1ly\u00e1zati ki\u00edr\u00e1s\u00e1t.<\/p>\n<p>Az \u00e9rdekl\u0151d\u0151k a p\u00e1ly\u00e1zati ki\u00edr\u00e1st az al\u00e1bbi honlapon tal\u00e1lj\u00e1k meg:<\/p>\n<p><a href=\"http:\/\/www.esteri.it\/mae\/it\/ministero\/servizi\/stranieri\/opportunita\/borsestudio_stranieri.html\">http:\/\/www.esteri.it\/mae\/it\/ministero\/servizi\/stranieri\/opportunita\/borsestudio_stranieri.html<\/a><\/p>\n<p><a href=\"http:\/\/www.esteri.it\/mae\/resource\/doc\/2017\/03\/bando_a.a_2017_2018.pdf\">http:\/\/www.esteri.it\/mae\/resource\/doc\/2017\/03\/bando_a.a_2017_2018.pdf<\/a><\/p>\n<p>P\u00e1ly\u00e1zni az olasz \u00e1llami, vagy \u00e1llamilag elismert fels\u0151oktat\u00e1si int\u00e9zm\u00e9nyek \u00e1ltal ind\u00edtott k\u00e9pz\u00e9sek t\u00e1mogat\u00e1s\u00e1ra lehet: <a href=\"http:\/\/hubmiur.pubblica.istruzione.it\/web\/universita\/home\">http:\/\/hubmiur.pubblica.istruzione.it\/web\/universita\/home<\/a> <\/p>\n<p>A f\u0151bb krit\u00e9riumok, melyeknek a p\u00e1ly\u00e1zati hat\u00e1rid\u0151 lej\u00e1ratakor teljes\u00fclni kell:<\/p>\n<p style=\"margin-left: 30px;\">&#8211; A p\u00e1ly\u00e1z\u00f3nak rendelkeznie kell az adott int\u00e9zm\u00e9ny kiv\u00e1lasztott k\u00e9pz\u00e9s\u00e9re val\u00f3 beiratkoz\u00e1shoz sz\u00fcks\u00e9ges iskolai v\u00e9gzetts\u00e9ggel<\/p>\n<p style=\"margin-left: 30px;\">&#8211; A fels\u0151 korhat\u00e1r 36 \u00e9v, doktori kurzus 1. \u00e9vfolyam\u00e1ra t\u00f6rt\u00e9n\u0151 jelentkez\u00e9s eset\u00e9n 33 \u00e9v, tan\u00e1ri tov\u00e1bbk\u00e9pz\u00e9s eset\u00e9n 45 \u00e9v<\/p>\n<p style=\"margin-left: 30px;\">&#8211; A p\u00e1ly\u00e1z\u00f3nak legal\u00e1bb B2-es szint\u0171 olasz nyelvtud\u00e1ssal kell rendelkeznie, kiv\u00e9ve, ha az oktat\u00e1s teljes eg\u00e9sz\u00e9ben angol nyelven folyik; olasz nyelv \u00e9s kult\u00fara szakra t\u00f6rt\u00e9n\u0151 jelentkez\u00e9s eset\u00e9n elegend\u0151 az A2-es szint\u0171 nyelvtud\u00e1s igazol\u00e1sa<\/p>\n<p style=\"margin-left: 30px;\">&#8211; Az \u00f6szt\u00f6nd\u00edjak id\u0151tartama 3 (olasz nyelv \u00e9s kult\u00fara szak), 6 \u00e9s 9 h\u00f3nap lehet, tan\u00e1ri \u00f6szt\u00f6nd\u00edj eset\u00e9n 1 h\u00f3nap.<\/p>\n<p>Az Eur\u00f3pai Uni\u00f3 orsz\u00e1gainak \u00e1llampolg\u00e1rai kiz\u00e1r\u00f3lag posztgradu\u00e1lis k\u00e9pz\u00e9sekre (doktori k\u00e9pz\u00e9s, szakir\u00e1ny\u00fa tov\u00e1bbk\u00e9pz\u00e9s, k\u00f6z\u00f6s tanulm\u00e1nyi projektek), olasz nyelvi k\u00e9pz\u00e9sekre \u00e9s tan\u00e1ri \u00f6szt\u00f6nd\u00edjakra p\u00e1ly\u00e1zhatnak.<\/p>\n<p>A p\u00e1ly\u00e1zatok bead\u00e1sa kiz\u00e1r\u00f3lag a Miniszt\u00e9rium online p\u00e1ly\u00e1zati port\u00e1lj\u00e1n kereszt\u00fcl t\u00f6rt\u00e9nik:<\/p>\n<p><a href=\"http:\/\/borseonline.esteri.it\/BorseOnLine\/\">http:\/\/borseonline.esteri.it\/BorseOnLine\/<\/a> <\/p>\n<p>Regisztr\u00e1ci\u00f3s \u0171rlap kit\u00f6lt\u00e9se a port\u00e1lra val\u00f3 bel\u00e9p\u00e9shez:<\/p>\n<p><a href=\"http:\/\/borseonline.esteri.it\/BorseOnLine\/Registrazione\/Registrazione.aspx\">http:\/\/borseonline.esteri.it\/BorseOnLine\/Registrazione\/Registrazione.aspx<\/a> <\/p>\n<p>Bead\u00e1si hat\u00e1rid\u0151: <strong>2017. m\u00e1jus 10. \u00e9jf\u00e9l<\/strong> (olasz id\u0151 szerint)<\/p>\n","protected":false},"excerpt":{"rendered":"Az olasz K\u00fcl\u00fcgyi \u00e9s Nemzetk\u00f6zi Egy\u00fcttm\u0171k\u00f6d\u00e9si Miniszt\u00e9rium 2017. m\u00e1rcius 27-\u00e9n k\u00f6zz\u00e9tette a k\u00fclf\u00f6ldi di\u00e1kok, valamint a k\u00fclf\u00f6ld\u00f6n \u00e9l\u0151 olasz \u00e1llampolg\u00e1rok (IRE) r\u00e9sz\u00e9re a 2017-2018-as tan\u00e9vre meg\u00edt\u00e9lhet\u0151 \u00e1llami \u00f6szt\u00f6nd\u00edjak p\u00e1ly\u00e1zati ki\u00edr\u00e1s\u00e1t. Az \u00e9rdekl\u0151d\u0151k a p\u00e1ly\u00e1zati ki\u00edr\u00e1st az al\u00e1bbi honlapon tal\u00e1lj\u00e1k meg: http:\/\/www.esteri.it\/mae\/it\/ministero\/servizi\/stranieri\/opportunita\/borsestudio_stranieri.html http:\/\/www.esteri.it\/mae\/resource\/doc\/2017\/03\/bando_a.a_2017_2018.pdf P\u00e1ly\u00e1zni az olasz \u00e1llami, vagy \u00e1llamilag elismert fels\u0151oktat\u00e1si int\u00e9zm\u00e9nyek \u00e1ltal ind\u00edtott k\u00e9pz\u00e9sek t\u00e1mogat\u00e1s\u00e1ra [&hellip;]","protected":false},"author":1,"featured_media":0,"comment_status":"","ping_status":"","sticky":false,"template":"","format":"standard","meta":{"footnotes":""},"tags":[],"class_list":["post-1589","post","type-post","status-publish","format-standard","hentry"],"_links":{"self":[{"href":"https:\/\/ambbudapest.esteri.it\/hu\/wp-json\/wp\/v2\/posts\/1589","targetHints":{"allow":["GET"]}}],"collection":[{"href":"https:\/\/ambbudapest.esteri.it\/hu\/wp-json\/wp\/v2\/posts"}],"about":[{"href":"https:\/\/ambbudapest.esteri.it\/hu\/wp-json\/wp\/v2\/types\/post"}],"author":[{"embeddable":true,"href":"https:\/\/ambbudapest.esteri.it\/hu\/wp-json\/wp\/v2\/users\/1"}],"replies":[{"embeddable":true,"href":"https:\/\/ambbudapest.esteri.it\/hu\/wp-json\/wp\/v2\/comments?post=1589"}],"version-history":[{"count":0,"href":"https:\/\/ambbudapest.esteri.it\/hu\/wp-json\/wp\/v2\/posts\/1589\/revisions"}],"wp:attachment":[{"href":"https:\/\/ambbudapest.esteri.it\/hu\/wp-json\/wp\/v2\/media?parent=1589"}],"wp:term":[{"taxonomy":"post_tag","embeddable":true,"href":"https:\/\/ambbudapest.esteri.it\/hu\/wp-json\/wp\/v2\/tags?post=1589"}],"curies":[{"name":"wp","href":"https:\/\/api.w.org\/{rel}","templated":true}]}}