{"id":1532,"date":"2017-09-18T09:08:22","date_gmt":"2017-09-18T07:08:22","guid":{"rendered":"https:\/\/ambbudapest.esteri.it\/news\/dall_ambasciata\/2017\/09\/progetto-laureati-per-l-italiano-2\/"},"modified":"2017-09-18T09:08:22","modified_gmt":"2017-09-18T07:08:22","slug":"progetto-laureati-per-l-italiano-2","status":"publish","type":"post","link":"https:\/\/ambbudapest.esteri.it\/hu\/news\/dall_ambasciata\/2017\/09\/progetto-laureati-per-l-italiano-2\/","title":{"rendered":"&#8222;Laureati per l\u2019Italiano&#8221; projekt"},"content":{"rendered":"<p>A 2018\/2019-es akad\u00e9miai \u00e9vre olasz, mint idegen nyelv szakos okat\u00f3t alkalmazni sz\u00e1nd\u00e9koz\u00f3 magyar egyetemek ig\u00e9nyl\u00e9s\u00fcket a <a href=\"http:\/\/www.ambbudapest.esteri.it\/ambasciata_budapest\/resource\/doc\/2017\/09\/2017_09_formulario_universita_.docx\">mell\u00e9kelt \u0171rlap<\/a> kit\u00f6lt\u00e9s\u00e9vel \u00e9s 2017. NOVEMBER 15-ig az Olasz Nagyk\u00f6vets\u00e9gre val\u00f3 megk\u00fcld\u00e9s\u00e9vel ny\u00fajthatj\u00e1k be.<\/p>\n<p>A projekt, mint a kor\u00e1bbi \u00e9vekben is, rugalmas eszk\u00f6z, mely k\u00e9pes a miniszt\u00e9rium \u00e1ltal m\u0171k\u00f6dtetett lektorh\u00e1l\u00f3zatot kieg\u00e9sz\u00edt\u00e9s\u00e9re \u00e9s tov\u00e1bbi felk\u00e9sz\u00fclt oktat\u00f3k seg\u00edts\u00e9g\u00e9vel az olasz nyelvoktat\u00e1s min\u0151s\u00e9g\u00e9nek jav\u00edt\u00e1s\u00e1ra.<\/p>\n<p>A jel\u00f6ltek kiv\u00e1laszt\u00e1s\u00e1t szok\u00e1s szerint, a CLIQ (Hiteles Min\u0151s\u00e9gi Olasz Nyelvoktat\u00e1s) egyes\u00fclet tagjai, a szi\u00e9nai \u00e9s perugiai Universit\u00e0 per Stranieri \u00e9s az Universit\u00e0 degli Studi Roma Tre v\u00e9gzik.<\/p>\n<p>A kiv\u00e1lasztott oktat\u00f3val esetlegesen, egy \u00e9vre vagy egy szemszterre vonatkoz\u00f3 munkaszerz\u0151d\u00e9st, az Olasz \u00e1llam sz\u00e1m\u00e1ra mindenfajtak\u00f6telezetts\u00e9g n\u00e9lk\u00fcl, a helyi t\u00f6rv\u00e9nyek el\u0151\u00edr\u00e1sa szerint, k\u00f6zvetlen\u00fcl az \u00e9rintett egyetem \u00e9s az oktat\u00f3 k\u00f6z\u00f6tt k\u00f6tik meg.<\/p>\n<p>Az olasz K\u00fcl\u00fcgyi \u00e9s Nemzetk\u00f6zi Egy\u00fcttm\u0171k\u00f6d\u00e9si Miniszt\u00e9rium a projektben r\u00e9szt vev\u0151 egyetemeknek a diplom\u00e1sok felv\u00e9tel\u00e9re ford\u00edtott k\u00f6lts\u00e9gek r\u00e9szleges fedezet\u00e9re szolg\u00e1l\u00f3 hozz\u00e1j\u00e1rul\u00e1st ny\u00fajthat a 2619\/2 k\u00f6lts\u00e9gvet\u00e9si fejezet terh\u00e9re.<\/p>\n<p>Felh\u00edvjuk a figyelmet az \u0171rlap helyes, a miniszt\u00e9riumi \u00fatmuat\u00f3nak megfelel\u0151, a r\u00e9szletes adatok megad\u00e1s\u00e1val \u00e9s a kiv\u00e1lasztott jel\u00f6lt szolg\u00e1latba\u00e1ll\u00e1s\u00e1nak pontos id\u0151szak\u00e1ra vonatkoz\u00f3 megjel\u00f6l\u00e9s\u00e9vel, \u00e9s k\u00fcl\u00f6n\u00f6sk\u00e9pp annak az \u00f6sszegnek a megjel\u00f6l\u00e9s\u00e9vel, amelyet az egyetem k\u00e9sz ny\u00fajtani az oktat\u00f3nak az esetleges tov\u00e1bbi juttat\u00e1sokkal egy\u00fctt.<\/p>\n","protected":false},"excerpt":{"rendered":"A 2018\/2019-es akad\u00e9miai \u00e9vre olasz, mint idegen nyelv szakos okat\u00f3t alkalmazni sz\u00e1nd\u00e9koz\u00f3 magyar egyetemek ig\u00e9nyl\u00e9s\u00fcket a mell\u00e9kelt \u0171rlap kit\u00f6lt\u00e9s\u00e9vel \u00e9s 2017. NOVEMBER 15-ig az Olasz Nagyk\u00f6vets\u00e9gre val\u00f3 megk\u00fcld\u00e9s\u00e9vel ny\u00fajthatj\u00e1k be. A projekt, mint a kor\u00e1bbi \u00e9vekben is, rugalmas eszk\u00f6z, mely k\u00e9pes a miniszt\u00e9rium \u00e1ltal m\u0171k\u00f6dtetett lektorh\u00e1l\u00f3zatot kieg\u00e9sz\u00edt\u00e9s\u00e9re \u00e9s tov\u00e1bbi felk\u00e9sz\u00fclt oktat\u00f3k seg\u00edts\u00e9g\u00e9vel az olasz nyelvoktat\u00e1s [&hellip;]","protected":false},"author":1,"featured_media":0,"comment_status":"","ping_status":"","sticky":false,"template":"","format":"standard","meta":{"footnotes":""},"tags":[],"class_list":["post-1532","post","type-post","status-publish","format-standard","hentry"],"_links":{"self":[{"href":"https:\/\/ambbudapest.esteri.it\/hu\/wp-json\/wp\/v2\/posts\/1532","targetHints":{"allow":["GET"]}}],"collection":[{"href":"https:\/\/ambbudapest.esteri.it\/hu\/wp-json\/wp\/v2\/posts"}],"about":[{"href":"https:\/\/ambbudapest.esteri.it\/hu\/wp-json\/wp\/v2\/types\/post"}],"author":[{"embeddable":true,"href":"https:\/\/ambbudapest.esteri.it\/hu\/wp-json\/wp\/v2\/users\/1"}],"replies":[{"embeddable":true,"href":"https:\/\/ambbudapest.esteri.it\/hu\/wp-json\/wp\/v2\/comments?post=1532"}],"version-history":[{"count":0,"href":"https:\/\/ambbudapest.esteri.it\/hu\/wp-json\/wp\/v2\/posts\/1532\/revisions"}],"wp:attachment":[{"href":"https:\/\/ambbudapest.esteri.it\/hu\/wp-json\/wp\/v2\/media?parent=1532"}],"wp:term":[{"taxonomy":"post_tag","embeddable":true,"href":"https:\/\/ambbudapest.esteri.it\/hu\/wp-json\/wp\/v2\/tags?post=1532"}],"curies":[{"name":"wp","href":"https:\/\/api.w.org\/{rel}","templated":true}]}}