{"id":1493,"date":"2018-02-26T10:42:53","date_gmt":"2018-02-26T09:42:53","guid":{"rendered":"https:\/\/ambbudapest.esteri.it\/news\/dall_ambasciata\/2018\/02\/portale-della-canzone-italiana-2\/"},"modified":"2018-02-26T10:42:53","modified_gmt":"2018-02-26T09:42:53","slug":"portale-della-canzone-italiana-2","status":"publish","type":"post","link":"https:\/\/ambbudapest.esteri.it\/hu\/news\/dall_ambasciata\/2018\/02\/portale-della-canzone-italiana-2\/","title":{"rendered":"Elindult az olasz dal port\u00e1lja"},"content":{"rendered":"<p>Elindult az olasz dal t\u00f6bb, mint egy \u00e9vsz\u00e1zadnyi term\u00e9s\u00e9t on-line el\u00e9rhet\u0151v\u00e9 tev\u0151 <a href=\"http:\/\/www.canzoneitaliana.it,\">www.canzoneitaliana.it<\/a>. A honlap nyolc nyelven seg\u00edti a l\u00e1togat\u00f3kat a dalok \u00e9s h\u00e1tter\u00fck megismer\u00e9s\u00e9ben.<\/p>\n","protected":false},"excerpt":{"rendered":"Elindult az olasz dal t\u00f6bb, mint egy \u00e9vsz\u00e1zadnyi term\u00e9s\u00e9t on-line el\u00e9rhet\u0151v\u00e9 tev\u0151 www.canzoneitaliana.it. A honlap nyolc nyelven seg\u00edti a l\u00e1togat\u00f3kat a dalok \u00e9s h\u00e1tter\u00fck megismer\u00e9s\u00e9ben.","protected":false},"author":1,"featured_media":0,"comment_status":"","ping_status":"","sticky":false,"template":"","format":"standard","meta":{"footnotes":""},"tags":[],"class_list":["post-1493","post","type-post","status-publish","format-standard","hentry"],"_links":{"self":[{"href":"https:\/\/ambbudapest.esteri.it\/hu\/wp-json\/wp\/v2\/posts\/1493","targetHints":{"allow":["GET"]}}],"collection":[{"href":"https:\/\/ambbudapest.esteri.it\/hu\/wp-json\/wp\/v2\/posts"}],"about":[{"href":"https:\/\/ambbudapest.esteri.it\/hu\/wp-json\/wp\/v2\/types\/post"}],"author":[{"embeddable":true,"href":"https:\/\/ambbudapest.esteri.it\/hu\/wp-json\/wp\/v2\/users\/1"}],"replies":[{"embeddable":true,"href":"https:\/\/ambbudapest.esteri.it\/hu\/wp-json\/wp\/v2\/comments?post=1493"}],"version-history":[{"count":0,"href":"https:\/\/ambbudapest.esteri.it\/hu\/wp-json\/wp\/v2\/posts\/1493\/revisions"}],"wp:attachment":[{"href":"https:\/\/ambbudapest.esteri.it\/hu\/wp-json\/wp\/v2\/media?parent=1493"}],"wp:term":[{"taxonomy":"post_tag","embeddable":true,"href":"https:\/\/ambbudapest.esteri.it\/hu\/wp-json\/wp\/v2\/tags?post=1493"}],"curies":[{"name":"wp","href":"https:\/\/api.w.org\/{rel}","templated":true}]}}