{"id":1482,"date":"2018-03-19T09:53:35","date_gmt":"2018-03-19T08:53:35","guid":{"rendered":"https:\/\/ambbudapest.esteri.it\/news\/dall_ambasciata\/2018\/03\/borse-di-studio-del-governo-italiano-2\/"},"modified":"2018-03-19T09:53:35","modified_gmt":"2018-03-19T08:53:35","slug":"borse-di-studio-del-governo-italiano-2","status":"publish","type":"post","link":"https:\/\/ambbudapest.esteri.it\/hu\/news\/dall_ambasciata\/2018\/03\/borse-di-studio-del-governo-italiano-2\/","title":{"rendered":"Olasz \u00e1llami \u00f6szt\u00f6nd\u00edjak &#8211; 2018-2019-es tan\u00e9v"},"content":{"rendered":"<p><a href=\"http:\/\/ambbudapest.esteri.it\/ambasciata_budapest\/resource\/doc\/2018\/03\/bando_a.a.2018_2019_in_italiano.pdf\">BANDO PER L\u2019ASSEGNAZIONE DI BORSE DI STUDIO OFFERTE DAL GOVERNO ITALIANO A STUDENTI STRANIERI E ITALIANI RESIDENTI ALL\u2019ESTERO (IRE) PER L\u2019ANNO ACCADEMICO 2018-2019 &#8211; SCADENZA: 30 APRILE 2018<\/a><\/p>\n<p><a href=\"http:\/\/ambbudapest.esteri.it\/ambasciata_budapest\/resource\/doc\/2018\/03\/bando_a.a.2018_2019_in_inglese.pdf\">GRANTS FOR FOREIGN CITIZENS AND ITALIAN CITIZENS LIVING ABROAD AWARDED BY THE ITALIAN GOVERNMENT.<\/a><br \/><a href=\"http:\/\/ambbudapest.esteri.it\/ambasciata_budapest\/resource\/doc\/2018\/03\/bando_a.a.2018_2019_in_inglese.pdf\">CALL FOR APPLICATIONS FOR THE ACADEMIC YEAR 2018-2019 &#8211; DEADLINE 30th APRIL 2018<\/a><\/p>\n","protected":false},"excerpt":{"rendered":"BANDO PER L\u2019ASSEGNAZIONE DI BORSE DI STUDIO OFFERTE DAL GOVERNO ITALIANO A STUDENTI STRANIERI E ITALIANI RESIDENTI ALL\u2019ESTERO (IRE) PER L\u2019ANNO ACCADEMICO 2018-2019 &#8211; SCADENZA: 30 APRILE 2018 GRANTS FOR FOREIGN CITIZENS AND ITALIAN CITIZENS LIVING ABROAD AWARDED BY THE ITALIAN GOVERNMENT.CALL FOR APPLICATIONS FOR THE ACADEMIC YEAR 2018-2019 &#8211; DEADLINE 30th APRIL 2018","protected":false},"author":1,"featured_media":0,"comment_status":"","ping_status":"","sticky":false,"template":"","format":"standard","meta":{"footnotes":""},"tags":[],"class_list":["post-1482","post","type-post","status-publish","format-standard","hentry"],"_links":{"self":[{"href":"https:\/\/ambbudapest.esteri.it\/hu\/wp-json\/wp\/v2\/posts\/1482","targetHints":{"allow":["GET"]}}],"collection":[{"href":"https:\/\/ambbudapest.esteri.it\/hu\/wp-json\/wp\/v2\/posts"}],"about":[{"href":"https:\/\/ambbudapest.esteri.it\/hu\/wp-json\/wp\/v2\/types\/post"}],"author":[{"embeddable":true,"href":"https:\/\/ambbudapest.esteri.it\/hu\/wp-json\/wp\/v2\/users\/1"}],"replies":[{"embeddable":true,"href":"https:\/\/ambbudapest.esteri.it\/hu\/wp-json\/wp\/v2\/comments?post=1482"}],"version-history":[{"count":0,"href":"https:\/\/ambbudapest.esteri.it\/hu\/wp-json\/wp\/v2\/posts\/1482\/revisions"}],"wp:attachment":[{"href":"https:\/\/ambbudapest.esteri.it\/hu\/wp-json\/wp\/v2\/media?parent=1482"}],"wp:term":[{"taxonomy":"post_tag","embeddable":true,"href":"https:\/\/ambbudapest.esteri.it\/hu\/wp-json\/wp\/v2\/tags?post=1482"}],"curies":[{"name":"wp","href":"https:\/\/api.w.org\/{rel}","templated":true}]}}