{"id":1430,"date":"2018-07-03T14:39:30","date_gmt":"2018-07-03T12:39:30","guid":{"rendered":"https:\/\/ambbudapest.esteri.it\/news\/dall_ambasciata\/2018\/07\/bando-per-le-borse-di-studio-offerte-2\/"},"modified":"2018-07-03T14:39:30","modified_gmt":"2018-07-03T12:39:30","slug":"bando-per-le-borse-di-studio-offerte-2","status":"publish","type":"post","link":"https:\/\/ambbudapest.esteri.it\/hu\/news\/dall_ambasciata\/2018\/07\/bando-per-le-borse-di-studio-offerte-2\/","title":{"rendered":"Az olasz korm\u00e1ny \u00f6szt\u00f6nd\u00edjp\u00e1ly\u00e1zata k\u00fclf\u00f6ldi hallgat\u00f3k r\u00e9sz\u00e9re a 2018\/2019-es tan\u00e9vre &#8211; Eredm\u00e9nyek"},"content":{"rendered":"<p><a href=\"http:\/\/ambbudapest.esteri.it\/ambasciata_budapest\/resource\/doc\/2018\/07\/verbale_ambasciata_budapest.pdf\">A vegyesbizotts\u00e1g jegyz\u0151k\u00f6nyve (olasz nyelven)<br \/><\/a><\/p>\n<p><a href=\"http:\/\/ambbudapest.esteri.it\/ambasciata_budapest\/resource\/doc\/2018\/07\/graduatoria_vincitori.pdf\">A nyertes p\u00e1ly\u00e1z\u00f3k rangsora (olasz nyelven)<\/a><\/p>\n","protected":false},"excerpt":{"rendered":"A vegyesbizotts\u00e1g jegyz\u0151k\u00f6nyve (olasz nyelven) A nyertes p\u00e1ly\u00e1z\u00f3k rangsora (olasz nyelven)","protected":false},"author":1,"featured_media":0,"comment_status":"","ping_status":"","sticky":false,"template":"","format":"standard","meta":{"footnotes":""},"tags":[],"class_list":["post-1430","post","type-post","status-publish","format-standard","hentry"],"_links":{"self":[{"href":"https:\/\/ambbudapest.esteri.it\/hu\/wp-json\/wp\/v2\/posts\/1430","targetHints":{"allow":["GET"]}}],"collection":[{"href":"https:\/\/ambbudapest.esteri.it\/hu\/wp-json\/wp\/v2\/posts"}],"about":[{"href":"https:\/\/ambbudapest.esteri.it\/hu\/wp-json\/wp\/v2\/types\/post"}],"author":[{"embeddable":true,"href":"https:\/\/ambbudapest.esteri.it\/hu\/wp-json\/wp\/v2\/users\/1"}],"replies":[{"embeddable":true,"href":"https:\/\/ambbudapest.esteri.it\/hu\/wp-json\/wp\/v2\/comments?post=1430"}],"version-history":[{"count":0,"href":"https:\/\/ambbudapest.esteri.it\/hu\/wp-json\/wp\/v2\/posts\/1430\/revisions"}],"wp:attachment":[{"href":"https:\/\/ambbudapest.esteri.it\/hu\/wp-json\/wp\/v2\/media?parent=1430"}],"wp:term":[{"taxonomy":"post_tag","embeddable":true,"href":"https:\/\/ambbudapest.esteri.it\/hu\/wp-json\/wp\/v2\/tags?post=1430"}],"curies":[{"name":"wp","href":"https:\/\/api.w.org\/{rel}","templated":true}]}}