{"id":1414,"date":"2018-09-11T16:27:32","date_gmt":"2018-09-11T14:27:32","guid":{"rendered":"https:\/\/ambbudapest.esteri.it\/news\/dall_ambasciata\/2018\/09\/iniziative-fari-torri-ed-edifici-2\/"},"modified":"2018-09-11T16:27:32","modified_gmt":"2018-09-11T14:27:32","slug":"iniziative-fari-torri-ed-edifici-2","status":"publish","type":"post","link":"https:\/\/ambbudapest.esteri.it\/hu\/news\/dall_ambasciata\/2018\/09\/iniziative-fari-torri-ed-edifici-2\/","title":{"rendered":"\u201cVIL\u00c1G\u00cdT\u00d3TORNYOK, TORNYOK \u00c9S V\u00cdZPARTI \u00c9P\u00dcLETEK\u201d \u00c9S \u201cS\u00c9T\u00c1K \u00c9S \u00daTVONALAK\u201d C\u00cdM\u0170 KEZDEM\u00c9NYEZ\u00c9S"},"content":{"rendered":"<p>T\u00e1j\u00e9koztatjuk, hogy az \u00c1llamkincst\u00e1r meghirdetett k\u00e9t t\u00f6rt\u00e9nelmi-m\u0171v\u00e9szeti \u00e9s t\u00e1jk\u00e9pi szempontb\u00f3l \u00e9rt\u00e9kes ingatlanok helyre\u00e1ll\u00edt\u00e1s\u00e1ra \u00e9s rehabilit\u00e1ci\u00f3j\u00e1ra vonatkoz\u00f3 p\u00e1ly\u00e1zatot. Tov\u00e1bbi t\u00e1j\u00e9koztat\u00e1s <a href=\"http:\/\/vademecum.publicrealestate.it\/en\/\">ezen<\/a> a honlapon tal\u00e1lhat\u00f3.<\/p>\n","protected":false},"excerpt":{"rendered":"T\u00e1j\u00e9koztatjuk, hogy az \u00c1llamkincst\u00e1r meghirdetett k\u00e9t t\u00f6rt\u00e9nelmi-m\u0171v\u00e9szeti \u00e9s t\u00e1jk\u00e9pi szempontb\u00f3l \u00e9rt\u00e9kes ingatlanok helyre\u00e1ll\u00edt\u00e1s\u00e1ra \u00e9s rehabilit\u00e1ci\u00f3j\u00e1ra vonatkoz\u00f3 p\u00e1ly\u00e1zatot. Tov\u00e1bbi t\u00e1j\u00e9koztat\u00e1s ezen a honlapon tal\u00e1lhat\u00f3.","protected":false},"author":1,"featured_media":0,"comment_status":"","ping_status":"","sticky":false,"template":"","format":"standard","meta":{"footnotes":""},"tags":[],"class_list":["post-1414","post","type-post","status-publish","format-standard","hentry"],"_links":{"self":[{"href":"https:\/\/ambbudapest.esteri.it\/hu\/wp-json\/wp\/v2\/posts\/1414","targetHints":{"allow":["GET"]}}],"collection":[{"href":"https:\/\/ambbudapest.esteri.it\/hu\/wp-json\/wp\/v2\/posts"}],"about":[{"href":"https:\/\/ambbudapest.esteri.it\/hu\/wp-json\/wp\/v2\/types\/post"}],"author":[{"embeddable":true,"href":"https:\/\/ambbudapest.esteri.it\/hu\/wp-json\/wp\/v2\/users\/1"}],"replies":[{"embeddable":true,"href":"https:\/\/ambbudapest.esteri.it\/hu\/wp-json\/wp\/v2\/comments?post=1414"}],"version-history":[{"count":0,"href":"https:\/\/ambbudapest.esteri.it\/hu\/wp-json\/wp\/v2\/posts\/1414\/revisions"}],"wp:attachment":[{"href":"https:\/\/ambbudapest.esteri.it\/hu\/wp-json\/wp\/v2\/media?parent=1414"}],"wp:term":[{"taxonomy":"post_tag","embeddable":true,"href":"https:\/\/ambbudapest.esteri.it\/hu\/wp-json\/wp\/v2\/tags?post=1414"}],"curies":[{"name":"wp","href":"https:\/\/api.w.org\/{rel}","templated":true}]}}