{"id":1381,"date":"2019-01-02T09:11:28","date_gmt":"2019-01-02T08:11:28","guid":{"rendered":"https:\/\/ambbudapest.esteri.it\/news\/dall_ambasciata\/2019\/01\/vivere-all-italiana-a-modo-tuo-2\/"},"modified":"2019-01-02T09:11:28","modified_gmt":"2019-01-02T08:11:28","slug":"vivere-all-italiana-a-modo-tuo-2","status":"publish","type":"post","link":"https:\/\/ambbudapest.esteri.it\/hu\/news\/dall_ambasciata\/2019\/01\/vivere-all-italiana-a-modo-tuo-2\/","title":{"rendered":"\u201c\u00c9lj olasz m\u00f3dra\u2026 a magad m\u00f3dj\u00e1n!\u201d. Az olasz k\u00fcl\u00fcgyminiszt\u00e9rium Zooppa.com egy\u00fctm\u0171k\u00f6d\u00e9s\u00e9vel meghirdetett vide\u00f3p\u00e1ly\u00e1zata"},"content":{"rendered":"<p style=\"text-align: justify;\">Az olasz K\u00fcl\u00fcgy- \u00e9s Nemzetk\u00f6zi Egy\u00fcttm\u0171k\u00f6d\u00e9si Miniszt\u00e9rium orsz\u00e1gprom\u00f3ci\u00f3s tev\u00e9kenys\u00e9ge r\u00e9szek\u00e9nt, a Zuppa.com online platformmal egy\u00fcttm\u0171k\u00f6d\u00e9sben olasz \u00e9s k\u00fclf\u00f6ldi fiatal kreat\u00edvok sz\u00e1m\u00e1ra meghirdette\u00a0 az &#8222;\u00c9lj olasz m\u00f3dra&#8230;a magad m\u00f3dj\u00e1n!&#8221; c\u00edm\u0171 p\u00e1ly\u00e1zat\u00e1t.<\/p>\n<p style=\"text-align: justify;\">A p\u00e1ly\u00e1z\u00f3knak r\u00f6vid vide\u00f3ban kell bemutatniuk innovat\u00edv \u00e9s eredeti megk\u00f6zel\u00edt\u00e9seben mit jelent az &#8222;olaszoss\u00e1g&#8221;. A vide\u00f3k lehetnek interj\u00fak, tud\u00f3s\u00edt\u00e1sok, mini dokumentumfilmek vagy egy\u00e9b elbesz\u00e9l\u0151 form\u00e1k, amelyek k\u00e9peken, hangokon, vagy szavakon kereszt\u00fcl mutatj\u00e1k be mit jelent az &#8222;Olasz \u00e9letm\u00f3d&#8221;.<\/p>\n<p style=\"text-align: justify;\">Az els\u0151 6 nyertes k\u00f6z\u00f6tt \u00f6sszesen 15.000 eur\u00f3 d\u00edjat osztanak ki. A legjobb vide\u00f3kat a miniszt\u00e9rium \u00e9s a diplom\u00e1ciai-konzuli h\u00e1l\u00f3zat int\u00e9zm\u00e9nyes csatorn\u00e1in teszik k\u00f6zz\u00e9. A vide\u00f3k lead\u00e1si hat\u00e1rideje: 2019. febru\u00e1r 12., 15 \u00f3ra.<\/p>\n<p style=\"text-align: justify;\">Tov\u00e1bbi inform\u00e1ci\u00f3 \u00e9s a p\u00e1lyazaton val\u00f3 r\u00e9szv\u00e9tellel kapcsolatos t\u00e1j\u00e9koztat\u00e1s a Zooppa.com oldal k\u00f6vetkez\u0151 linkjein \u00e9rhet\u0151 el:<\/p>\n<p>Olaszul: <a href=\"https:\/\/community.zooppa.com\/it-it\/preview\/vivere-all-italiana\">https:\/\/community.zooppa.com\/it-it\/preview\/vivere-all-italiana<\/a><\/p>\n<p>Angolul: <a href=\"https:\/\/community.zooppa.com\/en-us\/preview\/vivere-all-italiana\">https:\/\/community.zooppa.com\/en-us\/preview\/vivere-all-italiana<\/a><\/p>\n<p>\u00a0<\/p>\n","protected":false},"excerpt":{"rendered":"Az olasz K\u00fcl\u00fcgy- \u00e9s Nemzetk\u00f6zi Egy\u00fcttm\u0171k\u00f6d\u00e9si Miniszt\u00e9rium orsz\u00e1gprom\u00f3ci\u00f3s tev\u00e9kenys\u00e9ge r\u00e9szek\u00e9nt, a Zuppa.com online platformmal egy\u00fcttm\u0171k\u00f6d\u00e9sben olasz \u00e9s k\u00fclf\u00f6ldi fiatal kreat\u00edvok sz\u00e1m\u00e1ra meghirdette\u00a0 az &#8222;\u00c9lj olasz m\u00f3dra&#8230;a magad m\u00f3dj\u00e1n!&#8221; c\u00edm\u0171 p\u00e1ly\u00e1zat\u00e1t. A p\u00e1ly\u00e1z\u00f3knak r\u00f6vid vide\u00f3ban kell bemutatniuk innovat\u00edv \u00e9s eredeti megk\u00f6zel\u00edt\u00e9seben mit jelent az &#8222;olaszoss\u00e1g&#8221;. A vide\u00f3k lehetnek interj\u00fak, tud\u00f3s\u00edt\u00e1sok, mini dokumentumfilmek vagy egy\u00e9b elbesz\u00e9l\u0151 form\u00e1k, [&hellip;]","protected":false},"author":1,"featured_media":0,"comment_status":"","ping_status":"","sticky":false,"template":"","format":"standard","meta":{"footnotes":""},"tags":[],"class_list":["post-1381","post","type-post","status-publish","format-standard","hentry"],"_links":{"self":[{"href":"https:\/\/ambbudapest.esteri.it\/hu\/wp-json\/wp\/v2\/posts\/1381","targetHints":{"allow":["GET"]}}],"collection":[{"href":"https:\/\/ambbudapest.esteri.it\/hu\/wp-json\/wp\/v2\/posts"}],"about":[{"href":"https:\/\/ambbudapest.esteri.it\/hu\/wp-json\/wp\/v2\/types\/post"}],"author":[{"embeddable":true,"href":"https:\/\/ambbudapest.esteri.it\/hu\/wp-json\/wp\/v2\/users\/1"}],"replies":[{"embeddable":true,"href":"https:\/\/ambbudapest.esteri.it\/hu\/wp-json\/wp\/v2\/comments?post=1381"}],"version-history":[{"count":0,"href":"https:\/\/ambbudapest.esteri.it\/hu\/wp-json\/wp\/v2\/posts\/1381\/revisions"}],"wp:attachment":[{"href":"https:\/\/ambbudapest.esteri.it\/hu\/wp-json\/wp\/v2\/media?parent=1381"}],"wp:term":[{"taxonomy":"post_tag","embeddable":true,"href":"https:\/\/ambbudapest.esteri.it\/hu\/wp-json\/wp\/v2\/tags?post=1381"}],"curies":[{"name":"wp","href":"https:\/\/api.w.org\/{rel}","templated":true}]}}