{"id":1357,"date":"2019-03-20T09:30:35","date_gmt":"2019-03-20T08:30:35","guid":{"rendered":"https:\/\/ambbudapest.esteri.it\/news\/dall_ambasciata\/2019\/03\/avviso-di-vendita-all-asta-dell_0-2\/"},"modified":"2019-03-20T09:30:35","modified_gmt":"2019-03-20T08:30:35","slug":"avviso-di-vendita-all-asta-dell_0-2","status":"publish","type":"post","link":"https:\/\/ambbudapest.esteri.it\/hu\/news\/dall_ambasciata\/2019\/03\/avviso-di-vendita-all-asta-dell_0-2\/","title":{"rendered":"FELH\u00cdV\u00c1S REPREZENT\u00c1CI\u00d3S C\u00c9LOKAT SZOLG\u00c1L\u00d3 G\u00c9PJ\u00c1RM\u0170 \u00c1RVER\u00c9SES \u00c9RT\u00c9KES\u00cdT\u00c9S\u00c9RE"},"content":{"rendered":"<p>A Budapesti Olasz Nagyk\u00f6vets\u00e9g meghirdeti \u00e1rver\u00e9sre a tulajdon\u00e1ban \u00e1ll\u00f3 reprezent\u00e1ci\u00f3s c\u00e9lokat szolg\u00e1l\u00f3 AUDI A6 g\u00e9pj\u00e1rm\u0171vet (\u00c9v: 2007).<\/p>\n<p>Az \u00e1rver\u00e9s r\u00e9szletei a felh\u00edv\u00e1sban olvashat\u00f3k.<\/p>\n<p><a href=\"http:\/\/ambbudapest.esteri.it\/ambasciata_budapest\/resource\/doc\/2019\/03\/avviso_e_modulo_ita.pdf\">Hivatalos felh\u00edv\u00e1s olasz nyelven<\/a><\/p>\n<p><a href=\"http:\/\/ambbudapest.esteri.it\/ambasciata_budapest\/resource\/doc\/2019\/03\/avviso_e_modulo_hun.pdf\">Felh\u00edv\u00e1s magyar nyelven<\/a><\/p>\n<p><a href=\"http:\/\/ambbudapest.esteri.it\/ambasciata_budapest\/resource\/doc\/2019\/03\/solo_modulo.pdf\">\u00c1raj\u00e1nlati nyomtatv\u00e1ny<\/a><\/p>\n","protected":false},"excerpt":{"rendered":"A Budapesti Olasz Nagyk\u00f6vets\u00e9g meghirdeti \u00e1rver\u00e9sre a tulajdon\u00e1ban \u00e1ll\u00f3 reprezent\u00e1ci\u00f3s c\u00e9lokat szolg\u00e1l\u00f3 AUDI A6 g\u00e9pj\u00e1rm\u0171vet (\u00c9v: 2007). Az \u00e1rver\u00e9s r\u00e9szletei a felh\u00edv\u00e1sban olvashat\u00f3k. Hivatalos felh\u00edv\u00e1s olasz nyelven Felh\u00edv\u00e1s magyar nyelven \u00c1raj\u00e1nlati nyomtatv\u00e1ny","protected":false},"author":1,"featured_media":0,"comment_status":"","ping_status":"","sticky":false,"template":"","format":"standard","meta":{"footnotes":""},"tags":[],"class_list":["post-1357","post","type-post","status-publish","format-standard","hentry"],"_links":{"self":[{"href":"https:\/\/ambbudapest.esteri.it\/hu\/wp-json\/wp\/v2\/posts\/1357","targetHints":{"allow":["GET"]}}],"collection":[{"href":"https:\/\/ambbudapest.esteri.it\/hu\/wp-json\/wp\/v2\/posts"}],"about":[{"href":"https:\/\/ambbudapest.esteri.it\/hu\/wp-json\/wp\/v2\/types\/post"}],"author":[{"embeddable":true,"href":"https:\/\/ambbudapest.esteri.it\/hu\/wp-json\/wp\/v2\/users\/1"}],"replies":[{"embeddable":true,"href":"https:\/\/ambbudapest.esteri.it\/hu\/wp-json\/wp\/v2\/comments?post=1357"}],"version-history":[{"count":0,"href":"https:\/\/ambbudapest.esteri.it\/hu\/wp-json\/wp\/v2\/posts\/1357\/revisions"}],"wp:attachment":[{"href":"https:\/\/ambbudapest.esteri.it\/hu\/wp-json\/wp\/v2\/media?parent=1357"}],"wp:term":[{"taxonomy":"post_tag","embeddable":true,"href":"https:\/\/ambbudapest.esteri.it\/hu\/wp-json\/wp\/v2\/tags?post=1357"}],"curies":[{"name":"wp","href":"https:\/\/api.w.org\/{rel}","templated":true}]}}