{"id":1347,"date":"2019-04-10T12:03:31","date_gmt":"2019-04-10T10:03:31","guid":{"rendered":"https:\/\/ambbudapest.esteri.it\/news\/dall_ambasciata\/2019\/04\/avviso-pubblico-di-sponsorizzazione_0-2\/"},"modified":"2019-04-10T12:03:31","modified_gmt":"2019-04-10T10:03:31","slug":"avviso-pubblico-di-sponsorizzazione_0-2","status":"publish","type":"post","link":"https:\/\/ambbudapest.esteri.it\/hu\/news\/dall_ambasciata\/2019\/04\/avviso-pubblico-di-sponsorizzazione_0-2\/","title":{"rendered":"A NEMZETI \u00dcNNEP \u00c9S EGY\u00c9B RENDEZV\u00c9NYEK SZPONZOR\u00c1L\u00c1S\u00c1RA VONATKOZ\u00d3 FELH\u00cdV\u00c1S"},"content":{"rendered":"<p>Az olasz nemzeti \u00fcnnep \u00e9s a budapesti Olasz Nagyk\u00f6vets\u00e9g szervez\u00e9s\u00e9ben megval\u00f3sul\u00f3 egy\u00e9b hivatalos rendezv\u00e9ny szponzoric\u00e1ci\u00f3j\u00e1ra vonatkoz\u00f3 felh\u00edv\u00e1st tesz\u00fcnk k\u00f6zz\u00e9. A felh\u00edv\u00e1s az ezen az oldalon tal\u00e1lhat\u00f3 &#8222;Kapcsol\u00f3d\u00f3 anyagok&#8221; alatt el\u00e9rhet\u0151 olasz \u00e9s angol nyelven.<\/p>\n","protected":false},"excerpt":{"rendered":"Az olasz nemzeti \u00fcnnep \u00e9s a budapesti Olasz Nagyk\u00f6vets\u00e9g szervez\u00e9s\u00e9ben megval\u00f3sul\u00f3 egy\u00e9b hivatalos rendezv\u00e9ny szponzoric\u00e1ci\u00f3j\u00e1ra vonatkoz\u00f3 felh\u00edv\u00e1st tesz\u00fcnk k\u00f6zz\u00e9. A felh\u00edv\u00e1s az ezen az oldalon tal\u00e1lhat\u00f3 &#8222;Kapcsol\u00f3d\u00f3 anyagok&#8221; alatt el\u00e9rhet\u0151 olasz \u00e9s angol nyelven.","protected":false},"author":1,"featured_media":0,"comment_status":"","ping_status":"","sticky":false,"template":"","format":"standard","meta":{"footnotes":""},"tags":[],"class_list":["post-1347","post","type-post","status-publish","format-standard","hentry"],"_links":{"self":[{"href":"https:\/\/ambbudapest.esteri.it\/hu\/wp-json\/wp\/v2\/posts\/1347","targetHints":{"allow":["GET"]}}],"collection":[{"href":"https:\/\/ambbudapest.esteri.it\/hu\/wp-json\/wp\/v2\/posts"}],"about":[{"href":"https:\/\/ambbudapest.esteri.it\/hu\/wp-json\/wp\/v2\/types\/post"}],"author":[{"embeddable":true,"href":"https:\/\/ambbudapest.esteri.it\/hu\/wp-json\/wp\/v2\/users\/1"}],"replies":[{"embeddable":true,"href":"https:\/\/ambbudapest.esteri.it\/hu\/wp-json\/wp\/v2\/comments?post=1347"}],"version-history":[{"count":0,"href":"https:\/\/ambbudapest.esteri.it\/hu\/wp-json\/wp\/v2\/posts\/1347\/revisions"}],"wp:attachment":[{"href":"https:\/\/ambbudapest.esteri.it\/hu\/wp-json\/wp\/v2\/media?parent=1347"}],"wp:term":[{"taxonomy":"post_tag","embeddable":true,"href":"https:\/\/ambbudapest.esteri.it\/hu\/wp-json\/wp\/v2\/tags?post=1347"}],"curies":[{"name":"wp","href":"https:\/\/api.w.org\/{rel}","templated":true}]}}