{"id":1322,"date":"2019-08-05T16:35:18","date_gmt":"2019-08-05T14:35:18","guid":{"rendered":"https:\/\/ambbudapest.esteri.it\/news\/dall_ambasciata\/2019\/08\/accademia-d-arti-e-mestieri-dello-2\/"},"modified":"2019-08-05T16:35:18","modified_gmt":"2019-08-05T14:35:18","slug":"accademia-d-arti-e-mestieri-dello-2","status":"publish","type":"post","link":"https:\/\/ambbudapest.esteri.it\/hu\/news\/dall_ambasciata\/2019\/08\/accademia-d-arti-e-mestieri-dello-2\/","title":{"rendered":"AZ OLASZ K\u00dcL\u00dcGY- \u00c9S NEMZETK\u00d6ZI EGY\u00dcTTM\u0170K\u00d6D\u00c9SI MINISZT\u00c9RIUM \u00d6SZT\u00d6ND\u00cdJAI A SCALA M\u0170V\u00c9SZETI \u00c9S SZ\u00cdNIAKAD\u00c9MI\u00c1J\u00c1NAK 2019-2020 TAN\u00c9VI KURZUSAIRA"},"content":{"rendered":"<p style=\"text-align: justify;\">11 kilenc h\u00f3napos \u00f6szt\u00f6nd\u00edj \u00e1ll rendelkez\u00e9sre az Akad\u00e9mia felv\u00e9teli vizsg\u00e1j\u00e1t sikeresen teljes\u00edt\u0151 fiatal k\u00fclf\u00f6ldi opera\u00e9nekesek sz\u00e1m\u00e1ra. A havi 900 eur\u00f3s \u00f6szt\u00f6nd\u00edj 2020. janu\u00e1r 1-t\u0151l ker\u00fcl foly\u00f3s\u00edt\u00e1sra. Az Akad\u00e9mia honlapj\u00e1n hamarosan megjelenik a ki\u00edr\u00e1s. Jelentkezni 2019. szeptember 4. \u00e9s okt\u00f3ber 11. k\u00f6z\u00f6tt lehet.<\/p>\n<p style=\"text-align: justify;\">Tov\u00e1bbi 5 tanulm\u00e1nyi \u00f6szt\u00f6nd\u00edj \u00e1ll rendelkez\u00e9sre &#8222;Perfoming Arts Management&#8221; mesterk\u00e9pz\u00e9sre, amelyre EU-n k\u00edv\u00fcli \u00e1llamplg\u00e1roknak 2019. szeptember 4-ig, EU-orsz\u00e1gok \u00e1llampolg\u00e1rainak pedig 2019. okt\u00f3ber 1-ig lehet jelentkezni. 2019. okt\u00f3ber 1-ig lehet p\u00e1ly\u00e1zni az Olasz K\u00fcl\u00fcgy- \u00e9s Nemzetk\u00f6zi Egy\u00fcttm\u0171k\u00f6d\u00e9si Miniszt\u00e9rium tanulm\u00e1nyi \u00f6szt\u00f6nd\u00edj\u00e1ra. Az 5 tanulm\u00e1nyi \u00f6szt\u00f6nd\u00edj 2020. janu\u00e1r 1-i kezdettel hat h\u00f3napra, havi 900 eur\u00f3s \u00f6szt\u00f6nd\u00edjat biztos\u00edt.<\/p>\n<p>Tov\u00e1bbi inform\u00e1ci\u00f3 az Akad\u00e9mia honlpaj\u00e1n tal\u00e1lhat\u00f3: <a href=\"https:\/\/www.accademialascala.it\/news\/guida-iscrizione-selezioni\/\">https:\/\/www.accademialascala.it\/news\/guida-iscrizione-selezioni\/<\/a>. Ugyanezen a honlapon tudj\u00e1k beadni jelentkez\u00e9s\u00fcket az \u00e9rdekl\u0151d\u0151k.<\/p>\n<p>\u00a0<\/p>\n","protected":false},"excerpt":{"rendered":"11 kilenc h\u00f3napos \u00f6szt\u00f6nd\u00edj \u00e1ll rendelkez\u00e9sre az Akad\u00e9mia felv\u00e9teli vizsg\u00e1j\u00e1t sikeresen teljes\u00edt\u0151 fiatal k\u00fclf\u00f6ldi opera\u00e9nekesek sz\u00e1m\u00e1ra. A havi 900 eur\u00f3s \u00f6szt\u00f6nd\u00edj 2020. janu\u00e1r 1-t\u0151l ker\u00fcl foly\u00f3s\u00edt\u00e1sra. Az Akad\u00e9mia honlapj\u00e1n hamarosan megjelenik a ki\u00edr\u00e1s. Jelentkezni 2019. szeptember 4. \u00e9s okt\u00f3ber 11. k\u00f6z\u00f6tt lehet. Tov\u00e1bbi 5 tanulm\u00e1nyi \u00f6szt\u00f6nd\u00edj \u00e1ll rendelkez\u00e9sre &#8222;Perfoming Arts Management&#8221; mesterk\u00e9pz\u00e9sre, amelyre EU-n k\u00edv\u00fcli [&hellip;]","protected":false},"author":1,"featured_media":0,"comment_status":"","ping_status":"","sticky":false,"template":"","format":"standard","meta":{"footnotes":""},"tags":[],"class_list":["post-1322","post","type-post","status-publish","format-standard","hentry"],"_links":{"self":[{"href":"https:\/\/ambbudapest.esteri.it\/hu\/wp-json\/wp\/v2\/posts\/1322","targetHints":{"allow":["GET"]}}],"collection":[{"href":"https:\/\/ambbudapest.esteri.it\/hu\/wp-json\/wp\/v2\/posts"}],"about":[{"href":"https:\/\/ambbudapest.esteri.it\/hu\/wp-json\/wp\/v2\/types\/post"}],"author":[{"embeddable":true,"href":"https:\/\/ambbudapest.esteri.it\/hu\/wp-json\/wp\/v2\/users\/1"}],"replies":[{"embeddable":true,"href":"https:\/\/ambbudapest.esteri.it\/hu\/wp-json\/wp\/v2\/comments?post=1322"}],"version-history":[{"count":0,"href":"https:\/\/ambbudapest.esteri.it\/hu\/wp-json\/wp\/v2\/posts\/1322\/revisions"}],"wp:attachment":[{"href":"https:\/\/ambbudapest.esteri.it\/hu\/wp-json\/wp\/v2\/media?parent=1322"}],"wp:term":[{"taxonomy":"post_tag","embeddable":true,"href":"https:\/\/ambbudapest.esteri.it\/hu\/wp-json\/wp\/v2\/tags?post=1322"}],"curies":[{"name":"wp","href":"https:\/\/api.w.org\/{rel}","templated":true}]}}