{"id":1282,"date":"2020-06-12T10:11:56","date_gmt":"2020-06-12T08:11:56","guid":{"rendered":"https:\/\/ambbudapest.esteri.it\/news\/dall_ambasciata\/2020\/06\/fare-cinema-3-edizione-2\/"},"modified":"2020-06-12T10:11:56","modified_gmt":"2020-06-12T08:11:56","slug":"fare-cinema-3-edizione-2","status":"publish","type":"post","link":"https:\/\/ambbudapest.esteri.it\/hu\/news\/dall_ambasciata\/2020\/06\/fare-cinema-3-edizione-2\/","title":{"rendered":"FARE CINEMA \u2013 K\u00e9p\u00edr\u00f3k szakm\u00e1ja, tematikus olasz filmszemle"},"content":{"rendered":"<p style=\"text-align: justify;\"><strong>J\u00fanius 15 \u00e9s 21 k\u00f6z\u00f6tt <\/strong>imm\u00e1r harmadik alkalommal jelentkezik a<em><strong> FARE CINEMA \u2013 K\u00e9p\u00edr\u00f3k szakm\u00e1ja, tematikus olasz filmszemle<\/strong><\/em>, amelynek c\u00e9lja az olasz filmm\u0171v\u00e9szet n\u00e9pszer\u0171s\u00edt\u00e9se. A program az olasz K\u00fcl\u00fcgyi \u00e9s Nemzetk\u00f6zi Egy\u00fcttm\u0171k\u00f6d\u00e9si Miniszt\u00e9rium (Ministero degli Affari Esteri e della Cooperazione Internazionale) , az ola<strong>sz Kultur\u00e1ils Miniszt\u00e9rium (MiBACT), az ANICA (olasz Nemzeti Film- \u00e9s Audiovizu\u00e1lis M\u00e9dia T\u00e1rsas\u00e1g), az Italian Trade Agency &#8211; Budapest (Olasz K\u00fclkereskedelmi Int\u00e9zet) \u00e9s a Luce Cinecitt\u00e0 Int\u00e9zet (Istituto Luce Cinecitt\u00e0)<\/strong> egy\u00fcttm\u0171k\u00f6d\u00e9s\u00e9vel val\u00f3sul meg.<\/p>\n<p style=\"text-align: justify;\">Az elm\u00falt k\u00e9t \u00e9vben a program az olasz filmm\u0171v\u00e9szet jeles k\u00e9pvisel\u0151it \u00fcdv\u00f6z\u00f6lhette Magyarorsz\u00e1gon, t\u00f6bbek k\u00f6z\u00f6tt itt j\u00e1rt Edoardo Falcone rendez\u0151, Paolo Ferrari operat\u0151r, Pippo Mezzapesa rendez\u0151 \u00e9s Pasquale Catalano zeneszerz\u0151 is.<\/p>\n<p style=\"text-align: justify;\"><strong><a href=\"https:\/\/www.raiplay.it\/fare-cinema\/?fbclid=IwAR3PSzSYX1K3bbLTHebr8cP8zf1lCHRb8Q2u4Qkg8yVjxxJuvY3vilzDH2c\">A FARE CINEMA \u2013 K\u00e9p\u00edr\u00f3k szakm\u00e1ja idei teljes programja online form\u00e1ban \u00e9rhet\u0151 el, a RAI \u00e9s RaiPlay partners\u00e9g\u00e9nek k\u00f6sz\u00f6nhet\u0151en.<\/a><\/strong><\/p>\n<p style=\"text-align: justify;\"><strong><a href=\"https:\/\/www.raiplay.it\/fare-cinema\/?fbclid=IwAR3PSzSYX1K3bbLTHebr8cP8zf1lCHRb8Q2u4Qkg8yVjxxJuvY3vilzDH2c\">Az online tartalmakhoz angol nyelven biztos\u00edtanak feliratot.<\/a><\/strong><\/p>\n<p style=\"text-align: justify;\">Ahogy a kor\u00e1bbi alkalmakkor, id\u00e9n is a \u201emozi szakemberei\u201d lesznek a Fare Cinema program k\u00f6z\u00e9ppontj\u00e1ban, c\u00e9ljuk, hogy reflektorf\u00e9nybe ker\u00fcljenek azok a mesters\u00e9gek, amelyek nyom\u00e1n az olasz filmgy\u00e1rt\u00e1st \u00e9letre kel. Az \u0151 bemutat\u00e1suk ebben, a filmgy\u00e1rt\u00f3 szektor sz\u00e1m\u00e1ra is kritikus helyzetben k\u00fcl\u00f6n\u00f6sen fontos. A 2020-as kiad\u00e1s Federico Fellini el\u0151tt tiszteleg, a rendez\u0151 sz\u00fclet\u00e9s\u00e9nek 100. \u00e9vfordul\u00f3ja alkalm\u00e1b\u00f3l, valamint a program egy r\u00e9sz\u00e9t Alberto Sordi-nak dedik\u00e1lj\u00e1k, az \u0151 sz\u00fclet\u00e9s\u00e9nek szint\u00e9n 100. \u00e9vfordul\u00f3j\u00e1t \u00fclj\u00fck id\u00e9n.<\/p>\n<p style=\"text-align: justify;\">A 3. Fare Cinema \u2013 Olasz Filmszemle \u00fajdons\u00e1ga lesz m\u00e9g, hogy els\u0151 alkalommal \u00fcnneplik meg az <strong>Olasz Mozi Vil\u00e1gnapj\u00e1t j\u00fanius 20-\u00e1n<\/strong>. A program r\u00e9sze egy, a Fare Cinema megb\u00edz\u00e1s\u00e1b\u00f3l k\u00e9sz\u00fclt eredeti vide\u00f3sorozat, valamint egy\u00e9b tartalmak, amelyek a kezdem\u00e9nyez\u00e9s partereinek k\u00f6sz\u00f6nhet\u0151en lesznek el\u00e9rhet\u0151ek.<\/p>\n<p style=\"text-align: justify;\">T\u00f6bbek k\u00f6z\u00f6tt a programk\u00edn\u00e1latb\u00f3l:<\/p>\n<p style=\"text-align: justify;\">&#8211; mesterkurzus <strong>Gianfranco Angelucci<\/strong>, forgat\u00f3k\u00f6nyv\u00edr\u00f3, rendez\u0151, \u00fajs\u00e1g\u00edr\u00f3 vezet\u00e9s\u00e9vel, Federico Fellini filmjeir\u0151l;<\/p>\n<p style=\"text-align: justify;\">&#8211; k\u00e9t mesterkurzus <strong>Gianni Canova<\/strong>, \u00fajs\u00e1g\u00edr\u00f3 \u00e9s filmkritikus vezet\u00e9s\u00e9vel Alberto Sordi-r\u00f3l \u00e9s a kort\u00e1rs olasz mozir\u00f3l;<\/p>\n<p style=\"text-align: justify;\">&#8211; <strong>14 vide\u00f3-\u00f3ra a \u201emozi szakembereir\u0151l\u201d<\/strong>, amelyek a filmes szakmai sz\u00f6vets\u00e9gek egy\u00fcttm\u0171k\u00f6d\u00e9s\u00e9ben val\u00f3sultak meg;<\/p>\n<p style=\"text-align: justify;\">&#8211; <strong>\u201eFellini hangja\u201d<\/strong>, a Fare Cinema 2020 r\u00f6vidfilmje az Luce Cinecitt\u00e1 Int\u00e9zet rendez\u00e9s\u00e9ben;<\/p>\n<p style=\"text-align: justify;\">&#8211; a <strong>David di Donatello 2020 d\u00edj \u201elegjobb r\u00f6vidfilm\u201d<\/strong> kateg\u00f3ri\u00e1j\u00e1nak 5 jel\u00f6ltje, az Olasz Filmakad\u00e9mia k\u00f6zrem\u0171k\u00f6d\u00e9s\u00e9nek k\u00f6sz\u00f6nhet\u0151en<\/p>\n<p style=\"text-align: justify;\">&#8211; az <strong>\u201eOffStage\u201d sorozat h\u00e1rom fejezete<\/strong> (a sz\u00edn\u00e9sz mesters\u00e9gr\u0151l, a r\u00f3mai Filmes K\u00eds\u00e9rleti K\u00f6zpont produkci\u00f3j\u00e1ban) \u00e9s h<strong>\u00e1rom fejezet az \u201eA scuola di cinema con RaiMovie&#8221;<\/strong> sorozatb\u00f3l (a forgat\u00f3k\u00f6nyv\u00edr\u00e1s mesters\u00e9g\u00e9r\u0151l az Associazione 100Autori produkci\u00f3j\u00e1ban), amelyek a Rai Movie-nak k\u00f6sz\u00f6nhet\u0151en \u00e9rhet\u0151k el;<\/p>\n<p style=\"text-align: justify;\">&#8211; a <strong>&#8222;Fellini in frames&#8221; sorozat 18 fejezete<\/strong>, a Riminib\u0151l sz\u00e1rmaz\u00f3 filmes mester \u00e9letm\u0171v\u00e9r\u0151l, a Luce Cinecitt\u00e1 Int\u00e9zet arch\u00edv anyagai alapj\u00e1n;<\/p>\n<p style=\"text-align: justify;\">&#8211; n\u00e9h\u00e1ny nem r\u00e9gen k\u00e9sz\u00fclt film \u00e9s dokumentumfilm <strong>(\u201cBar Giuseppe\u201d r.: Giulio Base; \u201cArrivederci Saigon\u201d r.: Wilma Labate; \u201cFellini Fine Mai\u201d r.: Eugenio Cappucio; \u201cBaikonour, Terra\u201d r.: Andrea Sorini<\/strong>) e \u00e9s n\u00e9h\u00e9ny fiatal olasz filmrendez\u0151 r\u00f6vid filmje (<strong>\u201cLe Metamorfosi\u201d r.: Giuseppe Carrieri; \u201cGi\u00f9 dal vivo\u201d r.: Manuel Nicoletti; \u201cCreatura dove vai\u201d r.: Gaia Formenti e Marco Piccarreda<\/strong>).<\/p>\n","protected":false},"excerpt":{"rendered":"J\u00fanius 15 \u00e9s 21 k\u00f6z\u00f6tt imm\u00e1r harmadik alkalommal jelentkezik a FARE CINEMA \u2013 K\u00e9p\u00edr\u00f3k szakm\u00e1ja, tematikus olasz filmszemle, amelynek c\u00e9lja az olasz filmm\u0171v\u00e9szet n\u00e9pszer\u0171s\u00edt\u00e9se. A program az olasz K\u00fcl\u00fcgyi \u00e9s Nemzetk\u00f6zi Egy\u00fcttm\u0171k\u00f6d\u00e9si Miniszt\u00e9rium (Ministero degli Affari Esteri e della Cooperazione Internazionale) , az olasz Kultur\u00e1ils Miniszt\u00e9rium (MiBACT), az ANICA (olasz Nemzeti Film- \u00e9s Audiovizu\u00e1lis M\u00e9dia [&hellip;]","protected":false},"author":1,"featured_media":0,"comment_status":"","ping_status":"","sticky":false,"template":"","format":"standard","meta":{"footnotes":""},"tags":[],"class_list":["post-1282","post","type-post","status-publish","format-standard","hentry"],"_links":{"self":[{"href":"https:\/\/ambbudapest.esteri.it\/hu\/wp-json\/wp\/v2\/posts\/1282","targetHints":{"allow":["GET"]}}],"collection":[{"href":"https:\/\/ambbudapest.esteri.it\/hu\/wp-json\/wp\/v2\/posts"}],"about":[{"href":"https:\/\/ambbudapest.esteri.it\/hu\/wp-json\/wp\/v2\/types\/post"}],"author":[{"embeddable":true,"href":"https:\/\/ambbudapest.esteri.it\/hu\/wp-json\/wp\/v2\/users\/1"}],"replies":[{"embeddable":true,"href":"https:\/\/ambbudapest.esteri.it\/hu\/wp-json\/wp\/v2\/comments?post=1282"}],"version-history":[{"count":0,"href":"https:\/\/ambbudapest.esteri.it\/hu\/wp-json\/wp\/v2\/posts\/1282\/revisions"}],"wp:attachment":[{"href":"https:\/\/ambbudapest.esteri.it\/hu\/wp-json\/wp\/v2\/media?parent=1282"}],"wp:term":[{"taxonomy":"post_tag","embeddable":true,"href":"https:\/\/ambbudapest.esteri.it\/hu\/wp-json\/wp\/v2\/tags?post=1282"}],"curies":[{"name":"wp","href":"https:\/\/api.w.org\/{rel}","templated":true}]}}