{"id":1278,"date":"2020-07-17T14:41:44","date_gmt":"2020-07-17T12:41:44","guid":{"rendered":"https:\/\/ambbudapest.esteri.it\/news\/dall_ambasciata\/2020\/07\/estate-all-italiana-festival-con-2\/"},"modified":"2020-07-17T14:41:44","modified_gmt":"2020-07-17T12:41:44","slug":"estate-all-italiana-festival-con-2","status":"publish","type":"post","link":"https:\/\/ambbudapest.esteri.it\/hu\/news\/dall_ambasciata\/2020\/07\/estate-all-italiana-festival-con-2\/","title":{"rendered":"Olasz Ny\u00e1r Fesztiv\u00e1l az Umbria Jazz k\u00f6zrem\u0171k\u00f6d\u00e9s\u00e9vel"},"content":{"rendered":"<p>2020. j\u00falius 19-\u00e9n, vas\u00e1rnap a &#8222;Jazz goes to University&#8221; kezdem\u00e9nyez\u00e9ssel veszi kezdet\u00e9t, amely sor\u00e1n a Perugiai Egyetem rektori \u00e9p\u00fclet\u00e9ben csend\u00fcl fel a &#8222;A zene \u00e9s term\u00e9szet. Two for Tree and Orchestra\u201d koncert Paolo Fresu (trombita),Daniele di Bonaventura \u00e9s a Perugiai Kamarazenekar k\u00f6zrem\u0171k\u00f6d\u00e9s\u00e9vel.<\/p>\n<p>A koncert<span style=\"text-decoration: line-through;\"><\/span> \u00e9l\u0151 k\u00f6zvet\u00edt\u00e9sben, valamint a koncertet k\u00f6vet\u0151 12 \u00f3r\u00e1ban on demand form\u00e1ban ingyenesen el\u00e9rhet\u0151 a https:\/\/www.umbriajazz.it\/live\/ oldalon.<\/p>\n","protected":false},"excerpt":{"rendered":"2020. j\u00falius 19-\u00e9n, vas\u00e1rnap a &#8222;Jazz goes to University&#8221; kezdem\u00e9nyez\u00e9ssel veszi kezdet\u00e9t, amely sor\u00e1n a Perugiai Egyetem rektori \u00e9p\u00fclet\u00e9ben csend\u00fcl fel a &#8222;A zene \u00e9s term\u00e9szet. Two for Tree and Orchestra\u201d koncert Paolo Fresu (trombita),Daniele di Bonaventura \u00e9s a Perugiai Kamarazenekar k\u00f6zrem\u0171k\u00f6d\u00e9s\u00e9vel. A koncert \u00e9l\u0151 k\u00f6zvet\u00edt\u00e9sben, valamint a koncertet k\u00f6vet\u0151 12 \u00f3r\u00e1ban on demand form\u00e1ban [&hellip;]","protected":false},"author":1,"featured_media":0,"comment_status":"","ping_status":"","sticky":false,"template":"","format":"standard","meta":{"footnotes":""},"tags":[],"class_list":["post-1278","post","type-post","status-publish","format-standard","hentry"],"_links":{"self":[{"href":"https:\/\/ambbudapest.esteri.it\/hu\/wp-json\/wp\/v2\/posts\/1278","targetHints":{"allow":["GET"]}}],"collection":[{"href":"https:\/\/ambbudapest.esteri.it\/hu\/wp-json\/wp\/v2\/posts"}],"about":[{"href":"https:\/\/ambbudapest.esteri.it\/hu\/wp-json\/wp\/v2\/types\/post"}],"author":[{"embeddable":true,"href":"https:\/\/ambbudapest.esteri.it\/hu\/wp-json\/wp\/v2\/users\/1"}],"replies":[{"embeddable":true,"href":"https:\/\/ambbudapest.esteri.it\/hu\/wp-json\/wp\/v2\/comments?post=1278"}],"version-history":[{"count":0,"href":"https:\/\/ambbudapest.esteri.it\/hu\/wp-json\/wp\/v2\/posts\/1278\/revisions"}],"wp:attachment":[{"href":"https:\/\/ambbudapest.esteri.it\/hu\/wp-json\/wp\/v2\/media?parent=1278"}],"wp:term":[{"taxonomy":"post_tag","embeddable":true,"href":"https:\/\/ambbudapest.esteri.it\/hu\/wp-json\/wp\/v2\/tags?post=1278"}],"curies":[{"name":"wp","href":"https:\/\/api.w.org\/{rel}","templated":true}]}}