{"id":1260,"date":"2020-08-18T10:45:27","date_gmt":"2020-08-18T08:45:27","guid":{"rendered":"https:\/\/ambbudapest.esteri.it\/news\/dall_ambasciata\/2020\/08\/dichiarazione-comune-in-occasione-2\/"},"modified":"2020-08-18T10:45:27","modified_gmt":"2020-08-18T08:45:27","slug":"dichiarazione-comune-in-occasione-2","status":"publish","type":"post","link":"https:\/\/ambbudapest.esteri.it\/hu\/news\/dall_ambasciata\/2020\/08\/dichiarazione-comune-in-occasione-2\/","title":{"rendered":"K\u00f6z\u00f6s nyilatkozat a 25. Budapest Pride Fesztiv\u00e1l alkalm\u00e1b\u00f3l"},"content":{"rendered":"<p style=\"text-align: justify;\">25. Budapest Pride Fesztiv\u00e1l alkalm\u00e1b\u00f3l az Olasz Nagyk\u00f6vets\u00e9g tov\u00e1bbi 38 diplom\u00e1ciai k\u00e9pviselettel \u00e9s kult\u00farint\u00e9zettel k\u00f6z\u00f6sen t\u00e1mogat\u00e1s\u00e1t fejezte ki a LMBTI k\u00f6z\u00f6ss\u00e9gnek.<\/p>\n<p><a href=\"https:\/\/iicbudapest.esteri.it\/iic_budapest\/resource\/doc\/2020\/08\/2020_final_joint_pride_statement_hu.pdf\">K\u00f6z\u00f6s nyilatkozat a 25. Budapest Pride Fesztiv\u00e1l alkalm\u00e1b\u00f3l<\/a><\/p>\n<p style=\"text-align: justify;\">\u00a0<\/p>\n","protected":false},"excerpt":{"rendered":"25. Budapest Pride Fesztiv\u00e1l alkalm\u00e1b\u00f3l az Olasz Nagyk\u00f6vets\u00e9g tov\u00e1bbi 38 diplom\u00e1ciai k\u00e9pviselettel \u00e9s kult\u00farint\u00e9zettel k\u00f6z\u00f6sen t\u00e1mogat\u00e1s\u00e1t fejezte ki a LMBTI k\u00f6z\u00f6ss\u00e9gnek. K\u00f6z\u00f6s nyilatkozat a 25. Budapest Pride Fesztiv\u00e1l alkalm\u00e1b\u00f3l \u00a0","protected":false},"author":1,"featured_media":0,"comment_status":"","ping_status":"","sticky":false,"template":"","format":"standard","meta":{"footnotes":""},"tags":[],"class_list":["post-1260","post","type-post","status-publish","format-standard","hentry"],"_links":{"self":[{"href":"https:\/\/ambbudapest.esteri.it\/hu\/wp-json\/wp\/v2\/posts\/1260","targetHints":{"allow":["GET"]}}],"collection":[{"href":"https:\/\/ambbudapest.esteri.it\/hu\/wp-json\/wp\/v2\/posts"}],"about":[{"href":"https:\/\/ambbudapest.esteri.it\/hu\/wp-json\/wp\/v2\/types\/post"}],"author":[{"embeddable":true,"href":"https:\/\/ambbudapest.esteri.it\/hu\/wp-json\/wp\/v2\/users\/1"}],"replies":[{"embeddable":true,"href":"https:\/\/ambbudapest.esteri.it\/hu\/wp-json\/wp\/v2\/comments?post=1260"}],"version-history":[{"count":0,"href":"https:\/\/ambbudapest.esteri.it\/hu\/wp-json\/wp\/v2\/posts\/1260\/revisions"}],"wp:attachment":[{"href":"https:\/\/ambbudapest.esteri.it\/hu\/wp-json\/wp\/v2\/media?parent=1260"}],"wp:term":[{"taxonomy":"post_tag","embeddable":true,"href":"https:\/\/ambbudapest.esteri.it\/hu\/wp-json\/wp\/v2\/tags?post=1260"}],"curies":[{"name":"wp","href":"https:\/\/api.w.org\/{rel}","templated":true}]}}