{"id":1176,"date":"2021-03-24T09:54:01","date_gmt":"2021-03-24T08:54:01","guid":{"rendered":"https:\/\/ambbudapest.esteri.it\/news\/dall_ambasciata\/2021\/03\/venezia-antica-citta-di-terra-e-2\/"},"modified":"2021-03-24T09:54:01","modified_gmt":"2021-03-24T08:54:01","slug":"venezia-antica-citta-di-terra-e-2","status":"publish","type":"post","link":"https:\/\/ambbudapest.esteri.it\/hu\/news\/dall_ambasciata\/2021\/03\/venezia-antica-citta-di-terra-e-2\/","title":{"rendered":"VELENCE, A SZ\u00c1RAZF\u00d6LD \u00c9S V\u00cdZ \u0150SI V\u00c1ROSA MA \u00dcNNEPLI 1600. SZ\u00dcLET\u00c9SNAPJ\u00c1T!"},"content":{"rendered":"<p>Kr. u. 421. m\u00e1rcius 25-e Velence v\u00e1ros alap\u00edt\u00e1s\u00e1nak \u00e1ltal\u00e1nosan elismert d\u00e1tuma.<br \/>Velence ez alkalomb\u00f3l a lag\u00fan\u00e1k v\u00e1rosa gazdag t\u00f6rt\u00e9nelmi \u00e9s kultur\u00e1lis \u00f6r\u00f6ks\u00e9g\u00e9nek bemutat\u00e1s\u00e1ra szervezetek, int\u00e9zm\u00e9nyek \u00e9s egyes\u00fcletek \u00e1ltal szervezett esem\u00e9ny- \u00e9s rendezv\u00e9nysorozattal k\u00e9sz\u00fclt nemcsak Olaszorsz\u00e1gban, hanem m\u00e1s eur\u00f3pai \u00e9s Eur\u00f3p\u00e1n k\u00edv\u00fcli orsz\u00e1gban is.<\/p>\n<p>Tov\u00e1bbi inform\u00e1ci\u00f3\u00e9rt l\u00e1togassanak el<\/p>\n<p>A hivatalos honlapra: https:\/\/1600.venezia.it\/<\/p>\n<p>\u00e9s a k\u00f6z\u00f6ss\u00e9gi oldalakra:<\/p>\n<p>TW: https:\/\/twitter.com\/Venezia1600<\/p>\n<p>FB: https:\/\/www.facebook.com\/venezia1600<\/p>\n<p>IG: https:\/\/www.instagram.com\/venezia1600_official\/<\/p>\n","protected":false},"excerpt":{"rendered":"Kr. u. 421. m\u00e1rcius 25-e Velence v\u00e1ros alap\u00edt\u00e1s\u00e1nak \u00e1ltal\u00e1nosan elismert d\u00e1tuma.Velence ez alkalomb\u00f3l a lag\u00fan\u00e1k v\u00e1rosa gazdag t\u00f6rt\u00e9nelmi \u00e9s kultur\u00e1lis \u00f6r\u00f6ks\u00e9g\u00e9nek bemutat\u00e1s\u00e1ra szervezetek, int\u00e9zm\u00e9nyek \u00e9s egyes\u00fcletek \u00e1ltal szervezett esem\u00e9ny- \u00e9s rendezv\u00e9nysorozattal k\u00e9sz\u00fclt nemcsak Olaszorsz\u00e1gban, hanem m\u00e1s eur\u00f3pai \u00e9s Eur\u00f3p\u00e1n k\u00edv\u00fcli orsz\u00e1gban is. Tov\u00e1bbi inform\u00e1ci\u00f3\u00e9rt l\u00e1togassanak el A hivatalos honlapra: https:\/\/1600.venezia.it\/ \u00e9s a k\u00f6z\u00f6ss\u00e9gi oldalakra: TW: [&hellip;]","protected":false},"author":1,"featured_media":0,"comment_status":"","ping_status":"","sticky":false,"template":"","format":"standard","meta":{"footnotes":""},"tags":[],"class_list":["post-1176","post","type-post","status-publish","format-standard","hentry"],"_links":{"self":[{"href":"https:\/\/ambbudapest.esteri.it\/hu\/wp-json\/wp\/v2\/posts\/1176","targetHints":{"allow":["GET"]}}],"collection":[{"href":"https:\/\/ambbudapest.esteri.it\/hu\/wp-json\/wp\/v2\/posts"}],"about":[{"href":"https:\/\/ambbudapest.esteri.it\/hu\/wp-json\/wp\/v2\/types\/post"}],"author":[{"embeddable":true,"href":"https:\/\/ambbudapest.esteri.it\/hu\/wp-json\/wp\/v2\/users\/1"}],"replies":[{"embeddable":true,"href":"https:\/\/ambbudapest.esteri.it\/hu\/wp-json\/wp\/v2\/comments?post=1176"}],"version-history":[{"count":0,"href":"https:\/\/ambbudapest.esteri.it\/hu\/wp-json\/wp\/v2\/posts\/1176\/revisions"}],"wp:attachment":[{"href":"https:\/\/ambbudapest.esteri.it\/hu\/wp-json\/wp\/v2\/media?parent=1176"}],"wp:term":[{"taxonomy":"post_tag","embeddable":true,"href":"https:\/\/ambbudapest.esteri.it\/hu\/wp-json\/wp\/v2\/tags?post=1176"}],"curies":[{"name":"wp","href":"https:\/\/api.w.org\/{rel}","templated":true}]}}