{"id":1170,"date":"2021-03-25T11:18:48","date_gmt":"2021-03-25T10:18:48","guid":{"rendered":"https:\/\/ambbudapest.esteri.it\/news\/dall_ambasciata\/2021\/03\/contributi-e-premi-per-la-traduzione_0-2\/"},"modified":"2021-03-25T11:18:48","modified_gmt":"2021-03-25T10:18:48","slug":"contributi-e-premi-per-la-traduzione_0-2","status":"publish","type":"post","link":"https:\/\/ambbudapest.esteri.it\/hu\/news\/dall_ambasciata\/2021\/03\/contributi-e-premi-per-la-traduzione_0-2\/","title":{"rendered":"P\u00c1LY\u00c1ZATI FELH\u00cdV\u00c1S OLASZ NYELVEN MEGJELEN\u0150 K\u00d6NYVEK FORD\u00cdT\u00c1S\u00c1NAK T\u00c1MOGAT\u00c1S\u00c1HOZ &#8211; 2021"},"content":{"rendered":"<p style=\"text-align: justify;\">Az olasz K\u00fcl\u00fcgyi \u00e9s Nemzetk\u00f6zi Egy\u00fcttm\u0171k\u00f6d\u00e9si Miniszt\u00e9rium k\u00f6zz\u00e9tette az olasz nyelv\u0171 sz\u00e9pirodalmi \u00e9s tudom\u00e1nyos munk\u00e1k idegen nyelvre t\u00f6rt\u00e9n\u0151 ford\u00edt\u00e1s\u00e1nak, illetve olasz r\u00f6vid- \u00e9s nagyj\u00e1t\u00e9kfilmek, sorozatok szinkroniz\u00e1l\u00e1s\u00e1nak, feliratoz\u00e1s\u00e1nak t\u00e1mogat\u00e1s\u00e1ra vonatkoz\u00f3 p\u00e1ly\u00e1zati felh\u00edv\u00e1s\u00e1t.<\/p>\n<p>A p\u00e1ly\u00e1zat bead\u00e1s\u00e1nak hat\u00e1rideje: <strong>2021. m\u00e1jus 7.<\/strong><\/p>\n<p>Az olasz nyelv\u0171 <strong><a href=\"https:\/\/iicbudapest.esteri.it\/iic_budapest\/resource\/doc\/2021\/03\/bando_traduzioni_2021.pdf\">p\u00e1ly\u00e1zati ki\u00edr\u00e1s let\u00f6lt\u00e9se<\/a><\/strong><\/p>\n<p>A p\u00e1ly\u00e1zati <strong><a href=\"https:\/\/iicbudapest.esteri.it\/iic_budapest\/resource\/doc\/2021\/03\/plyzat_magyar_kiadk_szmra_olasz_tmogats_krshez_2021.pdf\">ki\u00edr\u00e1s magyar nyelv\u0171 \u00f6sszefoglal\u00f3ja<\/a><\/strong><\/p>\n<p>A beny\u00fajtand\u00f3 <a href=\"https:\/\/iicbudapest.esteri.it\/iic_budapest\/resource\/doc\/2021\/03\/forditastamogatas_urlap_2021.docx\"><strong>p\u00e1ly\u00e1zati \u0171rlap olasz \u00e9s angol nyelven<\/strong><\/a><\/p>\n<p>Tov\u00e1bbi inform\u00e1ci\u00f3: <strong><a href=\"mailto:borsestudio.iicbudapest@esteri.it\">borsestudio.iicbudapest@esteri.it<\/a>\u00a0<\/strong><\/p>\n","protected":false},"excerpt":{"rendered":"Az olasz K\u00fcl\u00fcgyi \u00e9s Nemzetk\u00f6zi Egy\u00fcttm\u0171k\u00f6d\u00e9si Miniszt\u00e9rium k\u00f6zz\u00e9tette az olasz nyelv\u0171 sz\u00e9pirodalmi \u00e9s tudom\u00e1nyos munk\u00e1k idegen nyelvre t\u00f6rt\u00e9n\u0151 ford\u00edt\u00e1s\u00e1nak, illetve olasz r\u00f6vid- \u00e9s nagyj\u00e1t\u00e9kfilmek, sorozatok szinkroniz\u00e1l\u00e1s\u00e1nak, feliratoz\u00e1s\u00e1nak t\u00e1mogat\u00e1s\u00e1ra vonatkoz\u00f3 p\u00e1ly\u00e1zati felh\u00edv\u00e1s\u00e1t. A p\u00e1ly\u00e1zat bead\u00e1s\u00e1nak hat\u00e1rideje: 2021. m\u00e1jus 7. Az olasz nyelv\u0171 p\u00e1ly\u00e1zati ki\u00edr\u00e1s let\u00f6lt\u00e9se A p\u00e1ly\u00e1zati ki\u00edr\u00e1s magyar nyelv\u0171 \u00f6sszefoglal\u00f3ja A beny\u00fajtand\u00f3 p\u00e1ly\u00e1zati \u0171rlap olasz [&hellip;]","protected":false},"author":1,"featured_media":0,"comment_status":"","ping_status":"","sticky":false,"template":"","format":"standard","meta":{"footnotes":""},"tags":[],"class_list":["post-1170","post","type-post","status-publish","format-standard","hentry"],"_links":{"self":[{"href":"https:\/\/ambbudapest.esteri.it\/hu\/wp-json\/wp\/v2\/posts\/1170","targetHints":{"allow":["GET"]}}],"collection":[{"href":"https:\/\/ambbudapest.esteri.it\/hu\/wp-json\/wp\/v2\/posts"}],"about":[{"href":"https:\/\/ambbudapest.esteri.it\/hu\/wp-json\/wp\/v2\/types\/post"}],"author":[{"embeddable":true,"href":"https:\/\/ambbudapest.esteri.it\/hu\/wp-json\/wp\/v2\/users\/1"}],"replies":[{"embeddable":true,"href":"https:\/\/ambbudapest.esteri.it\/hu\/wp-json\/wp\/v2\/comments?post=1170"}],"version-history":[{"count":0,"href":"https:\/\/ambbudapest.esteri.it\/hu\/wp-json\/wp\/v2\/posts\/1170\/revisions"}],"wp:attachment":[{"href":"https:\/\/ambbudapest.esteri.it\/hu\/wp-json\/wp\/v2\/media?parent=1170"}],"wp:term":[{"taxonomy":"post_tag","embeddable":true,"href":"https:\/\/ambbudapest.esteri.it\/hu\/wp-json\/wp\/v2\/tags?post=1170"}],"curies":[{"name":"wp","href":"https:\/\/api.w.org\/{rel}","templated":true}]}}