{"id":1083,"date":"2021-11-25T09:45:35","date_gmt":"2021-11-25T08:45:35","guid":{"rendered":"https:\/\/ambbudapest.esteri.it\/news\/dall_ambasciata\/2021\/11\/25-11-2021-giornata-internazionale-2\/"},"modified":"2021-11-25T09:45:35","modified_gmt":"2021-11-25T08:45:35","slug":"25-11-2021-giornata-internazionale-2","status":"publish","type":"post","link":"https:\/\/ambbudapest.esteri.it\/hu\/news\/dall_ambasciata\/2021\/11\/25-11-2021-giornata-internazionale-2\/","title":{"rendered":"2021. 11. 25. &#8211; A n\u0151k elleni er\u0151szak megsz\u00fcntet\u00e9s\u00e9nek vil\u00e1gnapja"},"content":{"rendered":"<p><img decoding=\"async\" src=\"resource\/img\/2021\/11\/1.png\" alt=\"1\" \/><\/p>\n<p style=\"text-align: justify;\"><strong>A 2021. \u00e9vi N\u0151k elleni er\u0151szak megsz\u00fcntet\u00e9s\u00e9nek vil\u00e1gnapja<\/strong> alkalm\u00e1b\u00f3laz olasz k\u00fcl\u00fcgyminiszt\u00e9rium \u00e9s k\u00fclk\u00e9pviseleti h\u00e1l\u00f3zatacsatlakozikaz ENSZ Nemek Egyenl\u0151s\u00e9g\u00e9vel \u00e9s a N\u0151k Felemelked\u00e9s\u00e9vel Foglalkoz\u00f3 Egys\u00e9ge \u00e1ltal ind\u00edtott \u201c<em>Fess\u00fck narancss\u00e1rg\u00e1ra a vil\u00e1got: vess\u00fcnk v\u00e9get most a n\u0151k elleni er\u0151szaknak!<\/em>\u201d c\u00edm\u0171 \u00e9rz\u00e9keny\u00edt\u0151 kamp\u00e1nyhoz, amelyet id\u00e9n az er\u0151szak valamennyi form\u00e1ja elleni prevenci\u00f3nak, az \u00e1ldozatok meghallgat\u00e1s\u00e1nak \u00e9s a nemek t\u00e9nyleges egyenl\u0151s\u00e9g\u00e9t el\u0151seg\u00edt\u0151 diszkriminat\u00edv t\u00e1rsadalmi norm\u00e1k felsz\u00e1mol\u00e1s\u00e1nak szentelnek.<\/p>\n<p style=\"text-align: justify;\">A Covid-19 vil\u00e1gj\u00e1rv\u00e1ny \u00e9s az azt k\u00eds\u00e9r\u0151 korl\u00e1toz\u00f3 int\u00e9zked\u00e9sek tov\u00e1bb s\u00falyosb\u00edtott\u00e1k a m\u00e1r fenn\u00e1ll\u00f3 kiszolg\u00e1ltatotts\u00e1got, \u00e9s \u00e9rz\u00e9kelhet\u0151en hozz\u00e1j\u00e1rultak a csal\u00e1don bel\u00fcli er\u0151szak \u00e9s a fegyveres konfliktusokban \u00e9s humanit\u00e1rius v\u00e1ls\u00e1ghelyzetekben \u00e9l\u0151 n\u0151kkel \u00e9s l\u00e1nyokkal szembeni b\u00e1ntalmaz\u00e1sok sz\u00e1m\u00e1nak n\u00f6veked\u00e9s\u00e9hez.<\/p>\n<p style=\"text-align: justify;\">Ezen aggaszt\u00f3 adatokat l\u00e1tv\u00e1n Olaszorsz\u00e1g ism\u00e9telten a leghat\u00e1rozottabban el\u00edt\u00e9li, mint elfogadhatatlan jelens\u00e9get \u00e9s a nemek k\u00f6z\u00f6tti egyenl\u0151s\u00e9gnek, a jogok t\u00e9nyleges gyakorl\u00e1s\u00e1nak \u00e9s a szem\u00e9ly teljes kiteljesed\u00e9s\u00e9nek s\u00falyos akad\u00e1ly\u00e1t megtestes\u00edt\u0151, a n\u0151kkel szembeni diszkrimin\u00e1ci\u00f3 \u00e9s er\u0151szak minden form\u00e1j\u00e1t.<\/p>\n<p style=\"text-align: justify;\">A mai napig a vil\u00e1gon egyetlen orsz\u00e1g sem mondhatja el mag\u00e1r\u00f3l, hogy el\u00e9rte a nemek k\u00f6z\u00f6tti teljes egyenl\u0151s\u00e9get: ez\u00e9rt az eg\u00e9sz nemzetk\u00f6zi k\u00f6z\u00f6ss\u00e9gnek tov\u00e1bbra is kitart\u00f3an \u00e9s meggy\u0151z\u0151d\u00e9ssel kell t\u00f6rekednie ezen elod\u00e1zhatatlan c\u00e9l el\u00e9r\u00e9s\u00e9re.<\/p>\n<p style=\"text-align: justify;\">A n\u0151k elleni er\u0151szak valamennyi form\u00e1j\u00e1nak felsz\u00e1mol\u00e1s\u00e1ra \u00e9s a n\u0151i emancip\u00e1ci\u00f3 kiteljesed\u00e9s\u00e9re ir\u00e1nyul\u00f3 c\u00e9lok, melyek az olasz k\u00fclpolitika \u00e9s nemzetk\u00f6zi kapcsolatok pill\u00e9rei, a G20 olasz eln\u00f6ks\u00e9g k\u00f6z\u00e9ppontj\u00e1ban \u00e1lltak, valamint az ENSZ Emberi Jogi Tan\u00e1cs olasz k\u00fcld\u00f6ttj\u00e9nek \u00e9s az Eur\u00f3pa Tan\u00e1cs Miniszteri Bizotts\u00e1g olasz eln\u00f6ks\u00e9g\u00e9nek priorit\u00e1sai k\u00f6z\u00f6tt szerepelnek, amelynek keretei k\u00f6z\u00f6tt Olaszorsz\u00e1g t\u00e1mogatja \u00e9s seg\u00edti a \u201e<em>N\u0151k elleni \u00e9s a csal\u00e1don bel\u00fcli er\u0151szak megel\u0151z\u00e9s\u00e9r\u0151l \u00e9s felsz\u00e1mol\u00e1s\u00e1r\u00f3l sz\u00f3l\u00f3 egyezm\u00e9nyt<\/em>\u201d (avagy az \u201e<em>Isztambuli egyezm\u00e9nyt<\/em>\u201d).<\/p>\n<p style=\"text-align: justify;\">Ezen elk\u00f6telez\u0151d\u00e9s meger\u0151s\u00edt\u00e9sre tal\u00e1lt Olaszorsz\u00e1g afg\u00e1n v\u00e1ls\u00e1g sor\u00e1n bet\u00f6lt\u00f6tt tev\u00e9keny szerep\u00e9ben is, az afg\u00e1n n\u0151k \u00e9s l\u00e1nyok jogainak v\u00e9delm\u00e9ben \u00e9s meger\u0151s\u00edt\u00e9s\u00e9ben, a tanul\u00e1shoz, mozg\u00e1sszabads\u00e1ghoz \u00e9s k\u00f6z\u00e9letben val\u00f3 teljes r\u00e9szv\u00e9tel t\u00e1mogat\u00e1sa \u00e9rdek\u00e9ben.<\/p>\n<p style=\"text-align: justify;\">A nemek k\u00f6z\u00f6tti es\u00e9lyegyenl\u0151s\u00e9g biztos\u00edt\u00e1sa \u00e9rdek\u00e9ben, a k\u00fcl\u00fcgyminiszt\u00e9rium munkam\u00f3dszereinek bels\u0151 szervez\u00e9se kapcs\u00e1n 2021. okt\u00f3ber 15-\u00e9n bevezet\u00e9sre ker\u00fclt 3\/2021. sz. K\u00f6rlev\u00e9llel az Olasz K\u00fcl\u00fcgy- \u00e9s Nemzetk\u00f6zi Egy\u00fcttm\u0171k\u00f6d\u00e9si Miniszt\u00e9rium a nemek k\u00f6z\u00f6tti egyenl\u0151s\u00e9g el\u0151mozd\u00edt\u00e1s\u00e1nak legmagasabb norm\u00e1inak felel meg, kiemelve annak sz\u00fcks\u00e9gess\u00e9g\u00e9t, hogy a mindennapi munk\u00e1ban biztos\u00edtani kell az es\u00e9lyegyenl\u0151s\u00e9g alkotm\u00e1nyos elv\u00e9nek t\u00e9nyleges \u00e9rv\u00e9nyes\u00fcl\u00e9s\u00e9t, ezut\u00f3bbi alatt mind a diszkrimin\u00e1ci\u00f3 tilalm\u00e1t, mind a t\u00e9nyleges es\u00e9lyegyenl\u0151s\u00e9g hat\u00e9kony el\u0151mozd\u00edt\u00e1s\u00e1t \u00e9rtve.<\/p>\n","protected":false},"excerpt":{"rendered":"A 2021. \u00e9vi N\u0151k elleni er\u0151szak megsz\u00fcntet\u00e9s\u00e9nek vil\u00e1gnapja alkalm\u00e1b\u00f3laz olasz k\u00fcl\u00fcgyminiszt\u00e9rium \u00e9s k\u00fclk\u00e9pviseleti h\u00e1l\u00f3zatacsatlakozikaz ENSZ Nemek Egyenl\u0151s\u00e9g\u00e9vel \u00e9s a N\u0151k Felemelked\u00e9s\u00e9vel Foglalkoz\u00f3 Egys\u00e9ge \u00e1ltal ind\u00edtott \u201cFess\u00fck narancss\u00e1rg\u00e1ra a vil\u00e1got: vess\u00fcnk v\u00e9get most a n\u0151k elleni er\u0151szaknak!\u201d c\u00edm\u0171 \u00e9rz\u00e9keny\u00edt\u0151 kamp\u00e1nyhoz, amelyet id\u00e9n az er\u0151szak valamennyi form\u00e1ja elleni prevenci\u00f3nak, az \u00e1ldozatok meghallgat\u00e1s\u00e1nak \u00e9s a nemek t\u00e9nyleges egyenl\u0151s\u00e9g\u00e9t [&hellip;]","protected":false},"author":1,"featured_media":0,"comment_status":"","ping_status":"","sticky":false,"template":"","format":"standard","meta":{"footnotes":""},"tags":[],"class_list":["post-1083","post","type-post","status-publish","format-standard","hentry"],"_links":{"self":[{"href":"https:\/\/ambbudapest.esteri.it\/hu\/wp-json\/wp\/v2\/posts\/1083","targetHints":{"allow":["GET"]}}],"collection":[{"href":"https:\/\/ambbudapest.esteri.it\/hu\/wp-json\/wp\/v2\/posts"}],"about":[{"href":"https:\/\/ambbudapest.esteri.it\/hu\/wp-json\/wp\/v2\/types\/post"}],"author":[{"embeddable":true,"href":"https:\/\/ambbudapest.esteri.it\/hu\/wp-json\/wp\/v2\/users\/1"}],"replies":[{"embeddable":true,"href":"https:\/\/ambbudapest.esteri.it\/hu\/wp-json\/wp\/v2\/comments?post=1083"}],"version-history":[{"count":0,"href":"https:\/\/ambbudapest.esteri.it\/hu\/wp-json\/wp\/v2\/posts\/1083\/revisions"}],"wp:attachment":[{"href":"https:\/\/ambbudapest.esteri.it\/hu\/wp-json\/wp\/v2\/media?parent=1083"}],"wp:term":[{"taxonomy":"post_tag","embeddable":true,"href":"https:\/\/ambbudapest.esteri.it\/hu\/wp-json\/wp\/v2\/tags?post=1083"}],"curies":[{"name":"wp","href":"https:\/\/api.w.org\/{rel}","templated":true}]}}