{"id":1038,"date":"2022-04-11T09:33:53","date_gmt":"2022-04-11T07:33:53","guid":{"rendered":"https:\/\/ambbudapest.esteri.it\/news\/dall_ambasciata\/2022\/04\/giornata-del-design-italiano-nel-2\/"},"modified":"2022-04-11T09:33:53","modified_gmt":"2022-04-11T07:33:53","slug":"giornata-del-design-italiano-nel-2","status":"publish","type":"post","link":"https:\/\/ambbudapest.esteri.it\/hu\/news\/dall_ambasciata\/2022\/04\/giornata-del-design-italiano-nel-2\/","title":{"rendered":"Az Olasz Design Vil\u00e1gnapja"},"content":{"rendered":"<p>2022. m\u00e1rcius 23-\u00e1n \u00fcnnepelt\u00fck az Olasz Design Vil\u00e1gnapj\u00e1t, melynek idei t\u00e9m\u00e1ja \u201cRe-Gener\u00e1ci\u00f3. Design \u00e9s \u00faj technol\u00f3gi\u00e1k a fenntarthat\u00f3 j\u00f6v\u0151\u00e9rt\u201d volt.<\/p>\n<p>2022. \u00e9vi vil\u00e1gnap Magyarorsz\u00e1gra kijel\u00f6lt hivatalos k\u00e9pvisel\u0151je, a kiemelked\u0151 jelent\u0151s\u00e9g\u0171 alkot\u00f3, Carlo Forcolini professzor el\u0151ad\u00e1sa olasz \u00e9s magyar nyelven el\u00e9rhet\u0151 a <a href=\"http:\/\/www.italianfestival.eu\/idd\/\"> http:\/\/www.italianfestival.eu\/idd\/<\/a> weboldalon.<\/p>\n<p>\u00a0<\/p>\n","protected":false},"excerpt":{"rendered":"2022. m\u00e1rcius 23-\u00e1n \u00fcnnepelt\u00fck az Olasz Design Vil\u00e1gnapj\u00e1t, melynek idei t\u00e9m\u00e1ja \u201cRe-Gener\u00e1ci\u00f3. Design \u00e9s \u00faj technol\u00f3gi\u00e1k a fenntarthat\u00f3 j\u00f6v\u0151\u00e9rt\u201d volt. 2022. \u00e9vi vil\u00e1gnap Magyarorsz\u00e1gra kijel\u00f6lt hivatalos k\u00e9pvisel\u0151je, a kiemelked\u0151 jelent\u0151s\u00e9g\u0171 alkot\u00f3, Carlo Forcolini professzor el\u0151ad\u00e1sa olasz \u00e9s magyar nyelven el\u00e9rhet\u0151 a http:\/\/www.italianfestival.eu\/idd\/ weboldalon. \u00a0","protected":false},"author":1,"featured_media":0,"comment_status":"","ping_status":"","sticky":false,"template":"","format":"standard","meta":{"footnotes":""},"tags":[],"class_list":["post-1038","post","type-post","status-publish","format-standard","hentry"],"_links":{"self":[{"href":"https:\/\/ambbudapest.esteri.it\/hu\/wp-json\/wp\/v2\/posts\/1038","targetHints":{"allow":["GET"]}}],"collection":[{"href":"https:\/\/ambbudapest.esteri.it\/hu\/wp-json\/wp\/v2\/posts"}],"about":[{"href":"https:\/\/ambbudapest.esteri.it\/hu\/wp-json\/wp\/v2\/types\/post"}],"author":[{"embeddable":true,"href":"https:\/\/ambbudapest.esteri.it\/hu\/wp-json\/wp\/v2\/users\/1"}],"replies":[{"embeddable":true,"href":"https:\/\/ambbudapest.esteri.it\/hu\/wp-json\/wp\/v2\/comments?post=1038"}],"version-history":[{"count":0,"href":"https:\/\/ambbudapest.esteri.it\/hu\/wp-json\/wp\/v2\/posts\/1038\/revisions"}],"wp:attachment":[{"href":"https:\/\/ambbudapest.esteri.it\/hu\/wp-json\/wp\/v2\/media?parent=1038"}],"wp:term":[{"taxonomy":"post_tag","embeddable":true,"href":"https:\/\/ambbudapest.esteri.it\/hu\/wp-json\/wp\/v2\/tags?post=1038"}],"curies":[{"name":"wp","href":"https:\/\/api.w.org\/{rel}","templated":true}]}}